{"id":18663,"date":"2019-06-27T11:12:54","date_gmt":"2019-06-27T15:12:54","guid":{"rendered":"https:\/\/portal.sma.gob.cl\/?p=18663"},"modified":"2019-06-27T11:12:54","modified_gmt":"2019-06-27T15:12:54","slug":"atacama-sma-sernapesca-y-la-autoridad-maritima-fiscalizaron-cultivo-de-abalones-en-punta-fuerte-caldera","status":"publish","type":"post","link":"https:\/\/portal.sma.gob.cl\/index.php\/atacama-sma-sernapesca-y-la-autoridad-maritima-fiscalizaron-cultivo-de-abalones-en-punta-fuerte-caldera\/","title":{"rendered":"ATACAMA: SMA, SERNAPESCA y la Autoridad Mar\u00edtima fiscalizaron cultivo de abalones en Punta Fuerte Caldera"},"content":{"rendered":"<p><strong>La actividad se realiz\u00f3 en el marco de la ejecuci\u00f3n del Programa de Fiscalizaci\u00f3n de las Resoluciones de Calificaci\u00f3n Ambiental (RCA) de la Superintendencia del Medio Ambiente.<\/strong><\/p>\n<p><strong>Copiap\u00f3, 27 de junio de 2019.-<\/strong> Fiscalizadores de la Superintendencia del Medio Ambiente (SMA) de la Oficina Regional de Atacama, SERNAPESCA y la Autoridad Mar\u00edtima, fiscalizaron el d\u00eda 25 de junio del presente a\u00f1o, la instalaci\u00f3n y operaci\u00f3n del centro de cultivo de abalones de la empresa Pesca y Cultivos Don Jorge Limitada (Ex Cultivos Vinycon Ltda.), en el cual se cultiva Abal\u00f3n Rojo o Californiano (<em>Haliotis rufescens<\/em>) y Abal\u00f3n Verde o Japon\u00e9s (<em>Haliotis discus hannai)<\/em> en un sistema semi-cerrado, utilizando estanques ubicados en tierra y succionando agua de mar desde el borde costero.<\/p>\n<p>La inspecci\u00f3n estuvo enfocada en el cumplimiento de las obligaciones ambientales establecidas en las respectivas RCA vigentes para el centro de cultivo: RCA N\u00b0 57\/2001, RCA N\u00b087\/2002 y RCA N\u00b0 39\/2004), siendo las materias ambientales relacionadas con el plan de contingencia (escape de animales), calidad de efluente antes de la descarga, afectaci\u00f3n de suelo y manejo de residuos los aspectos m\u00e1s relevantes que fueron fiscalizados. Posteriormente, se elaborar\u00e1 un informe de fiscalizaci\u00f3n para evaluar el cumplimiento normativo.<\/p>\n<p>\u201cComo Superintendencia estamos cubriendo distintos rubros productivos que se dan en la regi\u00f3n y no s\u00f3lo aquellos relacionados con el mundo de la miner\u00eda; que si bien, es una actividad prioritaria para nosotros, no dejamos de fiscalizar actividades productivas secundarias que tambi\u00e9n se desarrollan en Atacama\u201d, afirm\u00f3 Felipe S\u00e1nchez, Jefe de la Oficina Regional SMA de Atacama.<\/p>\n<p><img decoding=\"async\" class=\"alignnone size-large wp-image-18668\" src=\"https:\/\/portal.sma.gob.cl\/wp-content\/uploads\/2019\/06\/Nota-SMA-Atacama-fiscalizaron-cultivo-de-abalones-en-Punta-Fuerte-Caldera-B-1024x596.jpg\" alt=\"\" width=\"1024\" height=\"596\" srcset=\"https:\/\/portal.sma.gob.cl\/wp-content\/uploads\/2019\/06\/Nota-SMA-Atacama-fiscalizaron-cultivo-de-abalones-en-Punta-Fuerte-Caldera-B-200x116.jpg 200w, https:\/\/portal.sma.gob.cl\/wp-content\/uploads\/2019\/06\/Nota-SMA-Atacama-fiscalizaron-cultivo-de-abalones-en-Punta-Fuerte-Caldera-B-300x175.jpg 300w, https:\/\/portal.sma.gob.cl\/wp-content\/uploads\/2019\/06\/Nota-SMA-Atacama-fiscalizaron-cultivo-de-abalones-en-Punta-Fuerte-Caldera-B-400x233.jpg 400w, https:\/\/portal.sma.gob.cl\/wp-content\/uploads\/2019\/06\/Nota-SMA-Atacama-fiscalizaron-cultivo-de-abalones-en-Punta-Fuerte-Caldera-B-600x349.jpg 600w, https:\/\/portal.sma.gob.cl\/wp-content\/uploads\/2019\/06\/Nota-SMA-Atacama-fiscalizaron-cultivo-de-abalones-en-Punta-Fuerte-Caldera-B-768x447.jpg 768w, https:\/\/portal.sma.gob.cl\/wp-content\/uploads\/2019\/06\/Nota-SMA-Atacama-fiscalizaron-cultivo-de-abalones-en-Punta-Fuerte-Caldera-B-800x465.jpg 800w, https:\/\/portal.sma.gob.cl\/wp-content\/uploads\/2019\/06\/Nota-SMA-Atacama-fiscalizaron-cultivo-de-abalones-en-Punta-Fuerte-Caldera-B-1024x596.jpg 1024w, https:\/\/portal.sma.gob.cl\/wp-content\/uploads\/2019\/06\/Nota-SMA-Atacama-fiscalizaron-cultivo-de-abalones-en-Punta-Fuerte-Caldera-B.jpg 1100w\" sizes=\"(max-width: 1024px) 100vw, 1024px\" \/><\/p>\n<p>&nbsp;<\/p>\n","protected":false},"excerpt":{"rendered":"<p>La actividad se realiz\u00f3 en el marco de la ejecuci\u00f3n del Programa de Fiscalizaci\u00f3n de las Resoluciones de Calificaci\u00f3n Ambiental (RCA) de la Superintendencia del Medio Ambiente. Copiap\u00f3, 27 de junio de 2019.- Fiscalizadores de la Superintendencia del Medio Ambiente (SMA) de la Oficina Regional de Atacama, SERNAPESCA y la Autoridad Mar\u00edtima, fiscalizaron el d\u00eda 25 <a href=\"https:\/\/portal.sma.gob.cl\/index.php\/atacama-sma-sernapesca-y-la-autoridad-maritima-fiscalizaron-cultivo-de-abalones-en-punta-fuerte-caldera\/\">Leer m\u00e1s<\/a><\/p>\n","protected":false},"author":8,"featured_media":18666,"comment_status":"open","ping_status":"open","sticky":false,"template":"","format":"standard","meta":{"footnotes":""},"categories":[107,94],"tags":[],"class_list":["post-18663","post","type-post","status-publish","format-standard","has-post-thumbnail","hentry","category-destacado","category-notas-noticias"],"_links":{"self":[{"href":"https:\/\/portal.sma.gob.cl\/index.php\/wp-json\/wp\/v2\/posts\/18663","targetHints":{"allow":["GET"]}}],"collection":[{"href":"https:\/\/portal.sma.gob.cl\/index.php\/wp-json\/wp\/v2\/posts"}],"about":[{"href":"https:\/\/portal.sma.gob.cl\/index.php\/wp-json\/wp\/v2\/types\/post"}],"author":[{"embeddable":true,"href":"https:\/\/portal.sma.gob.cl\/index.php\/wp-json\/wp\/v2\/users\/8"}],"replies":[{"embeddable":true,"href":"https:\/\/portal.sma.gob.cl\/index.php\/wp-json\/wp\/v2\/comments?post=18663"}],"version-history":[{"count":3,"href":"https:\/\/portal.sma.gob.cl\/index.php\/wp-json\/wp\/v2\/posts\/18663\/revisions"}],"predecessor-version":[{"id":18669,"href":"https:\/\/portal.sma.gob.cl\/index.php\/wp-json\/wp\/v2\/posts\/18663\/revisions\/18669"}],"wp:featuredmedia":[{"embeddable":true,"href":"https:\/\/portal.sma.gob.cl\/index.php\/wp-json\/wp\/v2\/media\/18666"}],"wp:attachment":[{"href":"https:\/\/portal.sma.gob.cl\/index.php\/wp-json\/wp\/v2\/media?parent=18663"}],"wp:term":[{"taxonomy":"category","embeddable":true,"href":"https:\/\/portal.sma.gob.cl\/index.php\/wp-json\/wp\/v2\/categories?post=18663"},{"taxonomy":"post_tag","embeddable":true,"href":"https:\/\/portal.sma.gob.cl\/index.php\/wp-json\/wp\/v2\/tags?post=18663"}],"curies":[{"name":"wp","href":"https:\/\/api.w.org\/{rel}","templated":true}]}}