{"id":18670,"date":"2019-06-28T08:48:10","date_gmt":"2019-06-28T12:48:10","guid":{"rendered":"https:\/\/portal.sma.gob.cl\/?p=18670"},"modified":"2019-06-28T08:48:10","modified_gmt":"2019-06-28T12:48:10","slug":"los-rios-sma-se-reune-con-el-concejo-municipal-de-futrono","status":"publish","type":"post","link":"https:\/\/portal.sma.gob.cl\/index.php\/los-rios-sma-se-reune-con-el-concejo-municipal-de-futrono\/","title":{"rendered":"LOS R\u00cdOS: SMA SE RE\u00daNE CON EL CONCEJO MUNICIPAL DE FUTRONO"},"content":{"rendered":"<p><strong>La actividad se realiz\u00f3 en el contexto de la promoci\u00f3n a la asistencia del cumplimiento ambiental, impulsado por la Superintendencia del Medio Ambiente.<\/strong><\/p>\n<p><strong>Valdivia, 28 de junio de 2019.-<\/strong> En el marco de la labor de asistencia al cumplimiento que debe ejecutar constante y permanentemente la Superintendencia del Medio Ambiente (SMA), profesionales de la Oficina Regional de Los R\u00edos, se reunieron este jueves 27 de junio con el Concejo Municipal de Futrono, donde se realiz\u00f3 una exposici\u00f3n acerca de las competencias y atribuciones de la SMA, la gesti\u00f3n de denuncias ambientales, y el modelo de fiscalizaci\u00f3n de la Superintendencia.<\/p>\n<p>En el encuentro, tambi\u00e9n se analiz\u00f3 la posibilidad de celebrar un convenio entre ambas instituciones, lo que permitir\u00eda al municipio abordar de mejor manera aquellas denuncias de alto inter\u00e9s social, como el ruido, la extracci\u00f3n de \u00e1ridos y eventos de contaminaci\u00f3n lacustre. Al respecto, los concejales se mostraron muy interesados en la labor de la SMA, lo que se transform\u00f3 en una oportunidad para aclarar diversas dudas e inquietudes en el \u00e1mbito de la gesti\u00f3n ambiental.<\/p>\n<p>\u201cHa sido una jornada muy provechosa, pues el Concejo Municipal de Futrono est\u00e1 muy consciente del valor de los recursos naturales presentes en su comuna, como tambi\u00e9n el deber de vigilancia constante que le corresponde desempe\u00f1ar a la municipalidad, lo que se ver\u00eda fortalecido con la firma de un convenio entre el Municipio y la SMA\u201d, afirm\u00f3 Eduardo Rodr\u00edguez, Jefe de la Oficina Regional SMA de Los R\u00edos.<\/p>\n<p>&nbsp;<\/p>\n","protected":false},"excerpt":{"rendered":"<p>La actividad se realiz\u00f3 en el contexto de la promoci\u00f3n a la asistencia del cumplimiento ambiental, impulsado por la Superintendencia del Medio Ambiente. Valdivia, 28 de junio de 2019.- En el marco de la labor de asistencia al cumplimiento que debe ejecutar constante y permanentemente la Superintendencia del Medio Ambiente (SMA), profesionales de la Oficina Regional <a href=\"https:\/\/portal.sma.gob.cl\/index.php\/los-rios-sma-se-reune-con-el-concejo-municipal-de-futrono\/\">Leer m\u00e1s<\/a><\/p>\n","protected":false},"author":8,"featured_media":18672,"comment_status":"open","ping_status":"open","sticky":false,"template":"","format":"standard","meta":{"footnotes":""},"categories":[107,94],"tags":[],"class_list":["post-18670","post","type-post","status-publish","format-standard","has-post-thumbnail","hentry","category-destacado","category-notas-noticias"],"_links":{"self":[{"href":"https:\/\/portal.sma.gob.cl\/index.php\/wp-json\/wp\/v2\/posts\/18670","targetHints":{"allow":["GET"]}}],"collection":[{"href":"https:\/\/portal.sma.gob.cl\/index.php\/wp-json\/wp\/v2\/posts"}],"about":[{"href":"https:\/\/portal.sma.gob.cl\/index.php\/wp-json\/wp\/v2\/types\/post"}],"author":[{"embeddable":true,"href":"https:\/\/portal.sma.gob.cl\/index.php\/wp-json\/wp\/v2\/users\/8"}],"replies":[{"embeddable":true,"href":"https:\/\/portal.sma.gob.cl\/index.php\/wp-json\/wp\/v2\/comments?post=18670"}],"version-history":[{"count":1,"href":"https:\/\/portal.sma.gob.cl\/index.php\/wp-json\/wp\/v2\/posts\/18670\/revisions"}],"predecessor-version":[{"id":18671,"href":"https:\/\/portal.sma.gob.cl\/index.php\/wp-json\/wp\/v2\/posts\/18670\/revisions\/18671"}],"wp:featuredmedia":[{"embeddable":true,"href":"https:\/\/portal.sma.gob.cl\/index.php\/wp-json\/wp\/v2\/media\/18672"}],"wp:attachment":[{"href":"https:\/\/portal.sma.gob.cl\/index.php\/wp-json\/wp\/v2\/media?parent=18670"}],"wp:term":[{"taxonomy":"category","embeddable":true,"href":"https:\/\/portal.sma.gob.cl\/index.php\/wp-json\/wp\/v2\/categories?post=18670"},{"taxonomy":"post_tag","embeddable":true,"href":"https:\/\/portal.sma.gob.cl\/index.php\/wp-json\/wp\/v2\/tags?post=18670"}],"curies":[{"name":"wp","href":"https:\/\/api.w.org\/{rel}","templated":true}]}}