{"id":18676,"date":"2019-06-28T15:15:04","date_gmt":"2019-06-28T19:15:04","guid":{"rendered":"https:\/\/portal.sma.gob.cl\/?p=18676"},"modified":"2019-06-28T15:23:48","modified_gmt":"2019-06-28T19:23:48","slug":"sma-dicta-instruccion-general-para-el-seguimiento-del-componente-agua","status":"publish","type":"post","link":"https:\/\/portal.sma.gob.cl\/index.php\/sma-dicta-instruccion-general-para-el-seguimiento-del-componente-agua\/","title":{"rendered":"SMA dicta instrucci\u00f3n general para el seguimiento del componente agua"},"content":{"rendered":"<p><strong>Bajo la nueva instrucci\u00f3n se deber\u00e1 anexar al informe de seguimiento ambiental, un archivo que contenga los datos brutos utilizados para su elaboraci\u00f3n, en una planilla de c\u00e1lculo editable.<\/strong><\/p>\n<p><strong>Santiago, 28 de junio de 2019.- <\/strong>La Superintendencia del Medio Ambiente (SMA) informa que esta ma\u00f1ana se public\u00f3 en el Diario Oficial la <a href=\"https:\/\/www.diariooficial.interior.gob.cl\/publicaciones\/2019\/06\/28\/42391\/01\/1613285.pdf\" target=\"_blank\" rel=\"noopener noreferrer\">Res. Ex. N\u00b0 894\/2019<\/a> de fecha 24 de junio del presente a\u00f1o, y que \u201cDicta instrucciones para la elaboraci\u00f3n y remisi\u00f3n de informes de seguimiento del componente ambiental agua\u201d. Esta instrucci\u00f3n complementa la regla general sobre seguimiento ambiental que emana de la Res. Ext. N\u00b0223\/2015, estableciendo un requerimiento adicional espec\u00edfico para la forma de reportar la informaci\u00f3n concerniente a aguas superficiales, subterr\u00e1neas y marinas (incluyendo el sedimento).<\/p>\n<p>De esta manera, bajo la nueva instrucci\u00f3n se deber\u00e1 anexar al informe de seguimiento ambiental, un archivo que contenga los datos brutos utilizados para su elaboraci\u00f3n, en una planilla de c\u00e1lculo editable. Para esto se provee de planillas estandarizadas, que cada titular deber\u00e1 utilizar y adecuar a su propio plan de seguimiento.<\/p>\n<p>\u201cEsta instrucci\u00f3n es el reflejo de un esfuerzo mancomunado entre la SMA, DGA y DIRECTEMAR, que apunta a modernizar el seguimiento ambiental y a facilitar su an\u00e1lisis por parte de todos los actores que hagan uso de esta informaci\u00f3n\u201d, afirm\u00f3 Patricio Walker, profesional de la Divisi\u00f3n de Fiscalizaci\u00f3n de la SMA.<\/p>\n<p>La siguiente tabla resume los componentes que deben informarse en la planilla mencionada:<\/p>\n<table class=\"table-1\">\n<tbody>\n<tr>\n<td width=\"65\"><strong>Componente<\/strong><\/td>\n<td width=\"98\"><strong>Subcomponente<\/strong><\/td>\n<td width=\"149\"><strong>Variable ambiental<\/strong><\/td>\n<td width=\"130\"><strong>Par\u00e1metros<\/strong><\/td>\n<\/tr>\n<tr>\n<td rowspan=\"6\" width=\"65\">Agua<\/td>\n<td rowspan=\"2\" width=\"98\">Aguas superficiales<\/td>\n<td width=\"149\">Calidad de agua<\/td>\n<td width=\"130\">F\u00edsicos, qu\u00edmicos y biol\u00f3gicos<\/td>\n<\/tr>\n<tr>\n<td width=\"149\">Cantidad de agua<\/td>\n<td width=\"130\">Caudal<\/td>\n<\/tr>\n<tr>\n<td rowspan=\"2\" width=\"98\">Aguas subterr\u00e1neas<\/td>\n<td width=\"149\">Calidad de agua<\/td>\n<td width=\"130\">F\u00edsicos, qu\u00edmicos y biol\u00f3gicos<\/td>\n<\/tr>\n<tr>\n<td width=\"149\">Cantidad de agua<\/td>\n<td width=\"130\">Caudal y nivel de agua<\/td>\n<\/tr>\n<tr>\n<td rowspan=\"2\" width=\"98\">Aguas marinas<\/td>\n<td width=\"149\">Calidad de agua<\/td>\n<td width=\"130\">F\u00edsicos, qu\u00edmicos y biol\u00f3gicos<\/td>\n<\/tr>\n<tr>\n<td width=\"149\">Calidad del sedimento marino<\/td>\n<td width=\"130\">F\u00edsicos, qu\u00edmicos y biol\u00f3gicos<\/td>\n<\/tr>\n<\/tbody>\n<\/table>\n<p>&nbsp;<\/p>\n<p>Para m\u00e1s informaci\u00f3n ingresar al <strong><a href=\"https:\/\/ssa.sma.gob.cl\/Account\/Login?ReturnUrl=%2f\" target=\"_blank\" rel=\"noopener noreferrer\">siguiente enlace<\/a><\/strong>, a trav\u00e9s del cual, se provee de mayor informaci\u00f3n, incluyendo las planillas de c\u00e1lculo y una Gu\u00eda de orientaci\u00f3n para los usuarios. Cabe destacar que, una vez ingresado al enlace, hay que descargar la informaci\u00f3n detallada anteriormente desde la pesta\u00f1a \u201cayuda\u201d.<\/p>\n","protected":false},"excerpt":{"rendered":"<p>Bajo la nueva instrucci\u00f3n se deber\u00e1 anexar al informe de seguimiento ambiental, un archivo que contenga los datos brutos utilizados para su elaboraci\u00f3n, en una planilla de c\u00e1lculo editable. Santiago, 28 de junio de 2019.- La Superintendencia del Medio Ambiente (SMA) informa que esta ma\u00f1ana se public\u00f3 en el Diario Oficial la Res. Ex. N\u00b0 894\/2019 <a href=\"https:\/\/portal.sma.gob.cl\/index.php\/sma-dicta-instruccion-general-para-el-seguimiento-del-componente-agua\/\">Leer m\u00e1s<\/a><\/p>\n","protected":false},"author":3,"featured_media":18684,"comment_status":"open","ping_status":"open","sticky":false,"template":"","format":"standard","meta":{"footnotes":""},"categories":[107,94],"tags":[],"class_list":["post-18676","post","type-post","status-publish","format-standard","has-post-thumbnail","hentry","category-destacado","category-notas-noticias"],"_links":{"self":[{"href":"https:\/\/portal.sma.gob.cl\/index.php\/wp-json\/wp\/v2\/posts\/18676","targetHints":{"allow":["GET"]}}],"collection":[{"href":"https:\/\/portal.sma.gob.cl\/index.php\/wp-json\/wp\/v2\/posts"}],"about":[{"href":"https:\/\/portal.sma.gob.cl\/index.php\/wp-json\/wp\/v2\/types\/post"}],"author":[{"embeddable":true,"href":"https:\/\/portal.sma.gob.cl\/index.php\/wp-json\/wp\/v2\/users\/3"}],"replies":[{"embeddable":true,"href":"https:\/\/portal.sma.gob.cl\/index.php\/wp-json\/wp\/v2\/comments?post=18676"}],"version-history":[{"count":4,"href":"https:\/\/portal.sma.gob.cl\/index.php\/wp-json\/wp\/v2\/posts\/18676\/revisions"}],"predecessor-version":[{"id":18683,"href":"https:\/\/portal.sma.gob.cl\/index.php\/wp-json\/wp\/v2\/posts\/18676\/revisions\/18683"}],"wp:featuredmedia":[{"embeddable":true,"href":"https:\/\/portal.sma.gob.cl\/index.php\/wp-json\/wp\/v2\/media\/18684"}],"wp:attachment":[{"href":"https:\/\/portal.sma.gob.cl\/index.php\/wp-json\/wp\/v2\/media?parent=18676"}],"wp:term":[{"taxonomy":"category","embeddable":true,"href":"https:\/\/portal.sma.gob.cl\/index.php\/wp-json\/wp\/v2\/categories?post=18676"},{"taxonomy":"post_tag","embeddable":true,"href":"https:\/\/portal.sma.gob.cl\/index.php\/wp-json\/wp\/v2\/tags?post=18676"}],"curies":[{"name":"wp","href":"https:\/\/api.w.org\/{rel}","templated":true}]}}