{"id":18786,"date":"2019-07-05T11:02:47","date_gmt":"2019-07-05T15:02:47","guid":{"rendered":"https:\/\/portal.sma.gob.cl\/?p=18786"},"modified":"2019-07-05T10:55:01","modified_gmt":"2019-07-05T14:55:01","slug":"valdivia-sma-y-seremi-de-medio-ambiente-fiscalizan-nueva-caldera-de-la-empresa-cmpc-en-valdivia","status":"publish","type":"post","link":"https:\/\/portal.sma.gob.cl\/index.php\/valdivia-sma-y-seremi-de-medio-ambiente-fiscalizan-nueva-caldera-de-la-empresa-cmpc-en-valdivia\/","title":{"rendered":"VALDIVIA: SMA y Seremi de medio ambiente fiscalizan nueva caldera de la empresa CMPC"},"content":{"rendered":"<p><strong>En el marco de la fiscalizaci\u00f3n sobre el control de emisiones que est\u00e1 llamada a realizar la Superintendencia del Medio Ambiente; el jefe regional del \u00f3rgano fiscalizador, Eduardo Rodr\u00edguez y el Seremi de Medio Ambiente de Los R\u00edos, Daniel Del Campo, junto a sus equipos t\u00e9cnicos; revisaron \u00a0la instalaci\u00f3n de la nueva caldera de la empresa CMPC Cartulinas Valdivia, \u00a0la cual permitir\u00e1 a la empresa cumplir con los l\u00edmites de emisi\u00f3n, incluso en los episodios de pre emergencia y emergencia ambiental.\u00a0 <\/strong><\/p>\n<p><strong>Valdivia, 03 de julio de 2019.\u00a0 <\/strong>La Oficina Regional de La Superintendencia del Medio Ambiente (SMA), junto al Seremi de Medio Ambiente de Los R\u00edos, Daniel Del Campo, fiscalizaron \u00a0ayer la planta de CMPC Cartulinas, ubicada en la comuna de Valdivia, para monitorear en terreno la instalaci\u00f3n y puesta en marcha a partir del\u00a0 17 de abril del a\u00f1o 2019 de una nueva caldera a biomasa, que busca modernizar su\u00a0 sistema de generaci\u00f3n de vapor, y con ello dar cumplimiento a la normativa vigente que establece el Plan de Descontaminaci\u00f3n de la comuna de Valdivia.<\/p>\n<p>Cabe hacer presente que la Superintendencia del Medio Ambiente tiene por funci\u00f3n fiscalizar, entre otras medidas, las calderas, tanto de tipo industrial como de calefacci\u00f3n. El Plan de Descontaminaci\u00f3n de Valdivia, vigente desde junio de 2017, establece que dichas calderas\u00a0 est\u00e1n sujetas\u00a0 a l\u00edmites de emisi\u00f3n, seg\u00fan\u00a0 su capacidad y tipo de combustible, pero tambi\u00e9n est\u00e1n obligadas a \u00a0paralizar en los\u00a0 episodios de pre-emergencia o emergencia, salvo\u00a0 que acrediten niveles bajos de emisi\u00f3n.<\/p>\n<p>Con ese objetivo es que la empresa \u00a0CMPC Cartulinas de Valdivia \u00a0instal\u00f3 una nueva caldera de 21 MWt, que a su vez cuenta con un precipitador electrost\u00e1tico\u00a0 de \u00faltima generaci\u00f3n, como sistema de abatimiento de sus emisiones, lo cual les\u00a0 permite generar una considerable baja en sus emisiones, en especial\u00a0 de Material Particulado.<\/p>\n<p>\u201cLa\u00a0 caldera de la empresa CMPC de acuerdo al Plan de Descontaminaci\u00f3n califica como fuente \u00a0nueva, por lo que \u00a0debe cumplir con niveles de emisi\u00f3n desde el inicio de su operaci\u00f3n de 30 mg\/m3, lo que ha llevado a \u00e9sta\u00a0 empresa\u00a0 a adoptar una medida de mitigaci\u00f3n ejemplar, acorde con las nuevas exigencias, tanto en l\u00edmites de emisi\u00f3n normativo como en la Gesti\u00f3n de Episodios Cr\u00edticos. Hacemos el llamado al compromiso y esfuerzo del sector industrial y dem\u00e1s calderas, para dar cumplimiento a las exigencias del PDA Valdivia y con ello contribuir a recuperar adecuados \u00edndices de calidad de aire para la ciudad y con ello evitar riesgos en salud\u201d, afirm\u00f3 el Seremi Del Campo tras el t\u00e9rmino de la actividad.<\/p>\n<p>Por su parte, el Jefe Regional de la SMA, Eduardo Rodr\u00edguez, sostuvo que \u201cen esta actividad de inspecci\u00f3n hemos constatado que el titular ha tomado la decisi\u00f3n\u00a0 de incorporar\u00a0 una medida de mitigaci\u00f3n importante en materia de emisiones, logrando demostrar mediante el informe de emisiones, un nivel de 5,87 mg\/m3 de material particulado, lo que es un aporte en materia ambiental para la comuna, pero adem\u00e1s le permite a la empresa cumplir con lo exigido en el PDA, y a la vez funcionar incluso en periodos de restricci\u00f3n. Sin perjuicio del permanente control ambiental que debe ejercer esta Superintendencia\u201d.<\/p>\n","protected":false},"excerpt":{"rendered":"<p>En el marco de la fiscalizaci\u00f3n sobre el control de emisiones que est\u00e1 llamada a realizar la Superintendencia del Medio Ambiente; el jefe regional del \u00f3rgano fiscalizador, Eduardo Rodr\u00edguez y el Seremi de Medio Ambiente de Los R\u00edos, Daniel Del Campo, junto a sus equipos t\u00e9cnicos; revisaron \u00a0la instalaci\u00f3n de la nueva caldera de la empresa <a href=\"https:\/\/portal.sma.gob.cl\/index.php\/valdivia-sma-y-seremi-de-medio-ambiente-fiscalizan-nueva-caldera-de-la-empresa-cmpc-en-valdivia\/\">Leer m\u00e1s<\/a><\/p>\n","protected":false},"author":9,"featured_media":18789,"comment_status":"open","ping_status":"open","sticky":false,"template":"","format":"standard","meta":{"footnotes":""},"categories":[90,107],"tags":[145,110,144],"class_list":["post-18786","post","type-post","status-publish","format-standard","has-post-thumbnail","hentry","category-comunicados-noticias","category-destacado","tag-cmpc","tag-sma","tag-valdivia"],"_links":{"self":[{"href":"https:\/\/portal.sma.gob.cl\/index.php\/wp-json\/wp\/v2\/posts\/18786","targetHints":{"allow":["GET"]}}],"collection":[{"href":"https:\/\/portal.sma.gob.cl\/index.php\/wp-json\/wp\/v2\/posts"}],"about":[{"href":"https:\/\/portal.sma.gob.cl\/index.php\/wp-json\/wp\/v2\/types\/post"}],"author":[{"embeddable":true,"href":"https:\/\/portal.sma.gob.cl\/index.php\/wp-json\/wp\/v2\/users\/9"}],"replies":[{"embeddable":true,"href":"https:\/\/portal.sma.gob.cl\/index.php\/wp-json\/wp\/v2\/comments?post=18786"}],"version-history":[{"count":4,"href":"https:\/\/portal.sma.gob.cl\/index.php\/wp-json\/wp\/v2\/posts\/18786\/revisions"}],"predecessor-version":[{"id":18803,"href":"https:\/\/portal.sma.gob.cl\/index.php\/wp-json\/wp\/v2\/posts\/18786\/revisions\/18803"}],"wp:featuredmedia":[{"embeddable":true,"href":"https:\/\/portal.sma.gob.cl\/index.php\/wp-json\/wp\/v2\/media\/18789"}],"wp:attachment":[{"href":"https:\/\/portal.sma.gob.cl\/index.php\/wp-json\/wp\/v2\/media?parent=18786"}],"wp:term":[{"taxonomy":"category","embeddable":true,"href":"https:\/\/portal.sma.gob.cl\/index.php\/wp-json\/wp\/v2\/categories?post=18786"},{"taxonomy":"post_tag","embeddable":true,"href":"https:\/\/portal.sma.gob.cl\/index.php\/wp-json\/wp\/v2\/tags?post=18786"}],"curies":[{"name":"wp","href":"https:\/\/api.w.org\/{rel}","templated":true}]}}