{"id":18794,"date":"2019-07-04T09:38:45","date_gmt":"2019-07-04T13:38:45","guid":{"rendered":"https:\/\/portal.sma.gob.cl\/?p=18794"},"modified":"2019-07-04T09:39:03","modified_gmt":"2019-07-04T13:39:03","slug":"sma-se-reune-con-el-intendente-de-los-rios","status":"publish","type":"post","link":"https:\/\/portal.sma.gob.cl\/index.php\/sma-se-reune-con-el-intendente-de-los-rios\/","title":{"rendered":"SMA se re\u00fane con el Intendente de Los R\u00edos"},"content":{"rendered":"<p><strong>Se llev\u00f3 a cabo una reuni\u00f3n protocolar con el Intendente C\u00e9sar Asenjo, el Jefe Regional de la SMA, Eduardo Rodr\u00edguez, y el Seremi de medio Ambiente don Daniel del Campo.<\/strong><\/p>\n<p><strong>Valdivia, 3 de julio de 2019.<\/strong> Esta ma\u00f1ana se llev\u00f3 a cabo una reuni\u00f3n protocolar con el Intendente de Los R\u00edos, C\u00e9sar Asenjo, y el Jefe Regional de la SMA, Eduardo Rodr\u00edguez, adem\u00e1s del Seremi del Medio Ambiente Daniel del Campo.<\/p>\n<p>En la reuni\u00f3n se expuso el trabajo que realiza la oficina regional en los diversos programas y subprogramas\u00a0 de fiscalizaci\u00f3n , tanto de Resoluci\u00f3n de Calificaci\u00f3n Ambiental (RCA), las actividades desarrolladas en el marco del Plan de Descontaminaci\u00f3n de Valdivia, y\u00a0 la tramitaci\u00f3n de denuncias ambientales.<\/p>\n<p>\u201cAbordamos con el Intendente don Cesar Asenjo diversas materias de inter\u00e9s regional, en especial los avances en materia de fiscalizaci\u00f3n ambiental tanto en Valdivia como en las diversas comunas de la regi\u00f3n.\u00a0 Se trat\u00f3 de una reuni\u00f3n cordial y\u00a0 muy fruct\u00edfera\u201d, se\u00f1al\u00f3\u00a0 el Jefe Regional de la SMA de los R\u00edos,\u00a0 Eduardo Rodr\u00edguez.<\/p>\n","protected":false},"excerpt":{"rendered":"<p>Se llev\u00f3 a cabo una reuni\u00f3n protocolar con el Intendente C\u00e9sar Asenjo, el Jefe Regional de la SMA, Eduardo Rodr\u00edguez, y el Seremi de medio Ambiente don Daniel del Campo. Valdivia, 3 de julio de 2019. Esta ma\u00f1ana se llev\u00f3 a cabo una reuni\u00f3n protocolar con el Intendente de Los R\u00edos, C\u00e9sar Asenjo, y el Jefe <a href=\"https:\/\/portal.sma.gob.cl\/index.php\/sma-se-reune-con-el-intendente-de-los-rios\/\">Leer m\u00e1s<\/a><\/p>\n","protected":false},"author":9,"featured_media":18796,"comment_status":"open","ping_status":"open","sticky":false,"template":"","format":"standard","meta":{"footnotes":""},"categories":[107,94],"tags":[146,110,144],"class_list":["post-18794","post","type-post","status-publish","format-standard","has-post-thumbnail","hentry","category-destacado","category-notas-noticias","tag-intendente","tag-sma","tag-valdivia"],"_links":{"self":[{"href":"https:\/\/portal.sma.gob.cl\/index.php\/wp-json\/wp\/v2\/posts\/18794","targetHints":{"allow":["GET"]}}],"collection":[{"href":"https:\/\/portal.sma.gob.cl\/index.php\/wp-json\/wp\/v2\/posts"}],"about":[{"href":"https:\/\/portal.sma.gob.cl\/index.php\/wp-json\/wp\/v2\/types\/post"}],"author":[{"embeddable":true,"href":"https:\/\/portal.sma.gob.cl\/index.php\/wp-json\/wp\/v2\/users\/9"}],"replies":[{"embeddable":true,"href":"https:\/\/portal.sma.gob.cl\/index.php\/wp-json\/wp\/v2\/comments?post=18794"}],"version-history":[{"count":2,"href":"https:\/\/portal.sma.gob.cl\/index.php\/wp-json\/wp\/v2\/posts\/18794\/revisions"}],"predecessor-version":[{"id":18797,"href":"https:\/\/portal.sma.gob.cl\/index.php\/wp-json\/wp\/v2\/posts\/18794\/revisions\/18797"}],"wp:featuredmedia":[{"embeddable":true,"href":"https:\/\/portal.sma.gob.cl\/index.php\/wp-json\/wp\/v2\/media\/18796"}],"wp:attachment":[{"href":"https:\/\/portal.sma.gob.cl\/index.php\/wp-json\/wp\/v2\/media?parent=18794"}],"wp:term":[{"taxonomy":"category","embeddable":true,"href":"https:\/\/portal.sma.gob.cl\/index.php\/wp-json\/wp\/v2\/categories?post=18794"},{"taxonomy":"post_tag","embeddable":true,"href":"https:\/\/portal.sma.gob.cl\/index.php\/wp-json\/wp\/v2\/tags?post=18794"}],"curies":[{"name":"wp","href":"https:\/\/api.w.org\/{rel}","templated":true}]}}