{"id":18808,"date":"2019-07-08T09:13:01","date_gmt":"2019-07-08T13:13:01","guid":{"rendered":"https:\/\/portal.sma.gob.cl\/?p=18808"},"modified":"2019-07-08T10:30:23","modified_gmt":"2019-07-08T14:30:23","slug":"pre-emergencia-sma-fiscaliza-empresas-con-fuentes-fijas-en-la-region-metropolitana","status":"publish","type":"post","link":"https:\/\/portal.sma.gob.cl\/index.php\/pre-emergencia-sma-fiscaliza-empresas-con-fuentes-fijas-en-la-region-metropolitana\/","title":{"rendered":"Pre-emergencia: SMA fiscaliza empresas con fuentes fijas en la Regi\u00f3n Metropolitana"},"content":{"rendered":"<p style=\"font-weight: 400;\"><strong>En el marco del episodio de pre-emergencia\u00a0 que rige para esta jornada, fiscalizadores de la\u00a0<\/strong><strong>Superintendencia<\/strong><strong>\u00a0del Medio Ambiente est\u00e1n realizando fuentes fijas en Cerrillos y Renca.<\/strong><\/p>\n<p style=\"font-weight: 400;\"><strong>Santiago, 06 de julio de 2019.<\/strong>\u00a0En el marco de jornada de pre-emergencia que fue decretada hoy por la Intendencia Metropolitana, profesionales de la Superintendencia del Medio Ambiente (SMA) se encuentran realizando rondas de fiscalizaci\u00f3n de fuentes fijas en empresas de las comunas de Cerrillos y Renca.<\/p>\n<p style=\"font-weight: 400;\">En el caso de Cerrillos se est\u00e1n revisando hornos de tratamiento t\u00e9rmico, mientras que en Renca se fiscaliz\u00f3 una planta el\u00e9ctrica con un calentador de gas natural. En estos casos, se verifica el cumplimiento de l\u00edmites de emisi\u00f3n para Material Particulado en Fuentes Estacionarias.<\/p>\n<p style=\"font-weight: 400;\">Cabe recordar que como medidas del Plan de Descontaminaci\u00f3n, en la zona A, que comprende el Gran Santiago, San Bernardo y Puente Alto, las fuentes fijas sujetas a paralizar, tanto en situaciones de pre-emergencia como de emergencia ambiental, son \u00fanicamente las que sean parte de un gran establecimiento y que correspondan a: Calderas de Calefacci\u00f3n e Industriales de potencia menor a 20 MWt cuya concentraci\u00f3n de material particulado, corregida por el factor de exceso de ox\u00edgeno, sea superior a 30 (mg\/m3N); las Calderas de Calefacci\u00f3n e Industriales de potencia igual o mayor a 20 MWt cuya concentraci\u00f3n de material particulado, corregida por el factor de exceso de ox\u00edgeno, sea superior a 20 (mg\/m3N); los hornos panaderos cuya concentraci\u00f3n de material particulado, corregida por el factor de exceso de ox\u00edgeno, sea superior a 30 (mg\/m3N); y los procesos industriales cuya concentraci\u00f3n de material particulado, corregida por el factor de exceso de ox\u00edgeno, sea superior a 20 (mg\/m3N).<\/p>\n<p style=\"font-weight: 400;\">En tanto, la paralizaci\u00f3n o restricci\u00f3n de funcionamiento de las fuentes fijas regir\u00e1 por un per\u00edodo de 24 horas, renovables y a partir de la 00:00 horas del d\u00eda para el cual se declara el episodio cr\u00edtico. Estas medidas son las que fiscaliza la SMA en sus rondas durante la Gesti\u00f3n de Episodios Cr\u00edticos de la RM.<\/p>\n<p style=\"font-weight: 400;\">M\u00e1s informaci\u00f3n en:\u00a0<a href=\"https:\/\/portal.sma.gob.cl\/index.php\/portal-regulados\/instructivos-y-guias\/planes-de-prevencion-y-descontaminacion-ambiental\/\" data-saferedirecturl=\"https:\/\/www.google.com\/url?q=https:\/\/portal.sma.gob.cl\/index.php\/portal-regulados\/instructivos-y-guias\/planes-de-prevencion-y-descontaminacion-ambiental\/&amp;source=gmail&amp;ust=1562677115284000&amp;usg=AFQjCNFetvoF7qV68YbQcqAZJaSEaOtiSA\">Planes de Prevenci\u00f3n y Descontaminaci\u00f3n Ambiental<\/a><\/p>\n","protected":false},"excerpt":{"rendered":"<p>En el marco del episodio de pre-emergencia\u00a0 que rige para esta jornada, fiscalizadores de la\u00a0Superintendencia\u00a0del Medio Ambiente est\u00e1n realizando fuentes fijas en Cerrillos y Renca. Santiago, 06 de julio de 2019.\u00a0En el marco de jornada de pre-emergencia que fue decretada hoy por la Intendencia Metropolitana, profesionales de la Superintendencia del Medio Ambiente (SMA) se encuentran realizando <a href=\"https:\/\/portal.sma.gob.cl\/index.php\/pre-emergencia-sma-fiscaliza-empresas-con-fuentes-fijas-en-la-region-metropolitana\/\">Leer m\u00e1s<\/a><\/p>\n","protected":false},"author":9,"featured_media":18814,"comment_status":"open","ping_status":"open","sticky":false,"template":"","format":"standard","meta":{"footnotes":""},"categories":[90,107],"tags":[150,151,149,110],"class_list":["post-18808","post","type-post","status-publish","format-standard","has-post-thumbnail","hentry","category-comunicados-noticias","category-destacado","tag-descontaminacion","tag-fuentes-fijas","tag-plan","tag-sma"],"_links":{"self":[{"href":"https:\/\/portal.sma.gob.cl\/index.php\/wp-json\/wp\/v2\/posts\/18808","targetHints":{"allow":["GET"]}}],"collection":[{"href":"https:\/\/portal.sma.gob.cl\/index.php\/wp-json\/wp\/v2\/posts"}],"about":[{"href":"https:\/\/portal.sma.gob.cl\/index.php\/wp-json\/wp\/v2\/types\/post"}],"author":[{"embeddable":true,"href":"https:\/\/portal.sma.gob.cl\/index.php\/wp-json\/wp\/v2\/users\/9"}],"replies":[{"embeddable":true,"href":"https:\/\/portal.sma.gob.cl\/index.php\/wp-json\/wp\/v2\/comments?post=18808"}],"version-history":[{"count":1,"href":"https:\/\/portal.sma.gob.cl\/index.php\/wp-json\/wp\/v2\/posts\/18808\/revisions"}],"predecessor-version":[{"id":18815,"href":"https:\/\/portal.sma.gob.cl\/index.php\/wp-json\/wp\/v2\/posts\/18808\/revisions\/18815"}],"wp:featuredmedia":[{"embeddable":true,"href":"https:\/\/portal.sma.gob.cl\/index.php\/wp-json\/wp\/v2\/media\/18814"}],"wp:attachment":[{"href":"https:\/\/portal.sma.gob.cl\/index.php\/wp-json\/wp\/v2\/media?parent=18808"}],"wp:term":[{"taxonomy":"category","embeddable":true,"href":"https:\/\/portal.sma.gob.cl\/index.php\/wp-json\/wp\/v2\/categories?post=18808"},{"taxonomy":"post_tag","embeddable":true,"href":"https:\/\/portal.sma.gob.cl\/index.php\/wp-json\/wp\/v2\/tags?post=18808"}],"curies":[{"name":"wp","href":"https:\/\/api.w.org\/{rel}","templated":true}]}}