{"id":18809,"date":"2019-07-08T09:08:50","date_gmt":"2019-07-08T13:08:50","guid":{"rendered":"https:\/\/portal.sma.gob.cl\/?p=18809"},"modified":"2019-07-08T09:08:50","modified_gmt":"2019-07-08T13:08:50","slug":"region-de-valparaiso-sma-fiscaliza-terminales-maritimos-de-la-bahia-quintero","status":"publish","type":"post","link":"https:\/\/portal.sma.gob.cl\/index.php\/region-de-valparaiso-sma-fiscaliza-terminales-maritimos-de-la-bahia-quintero\/","title":{"rendered":"Regi\u00f3n de Valpara\u00edso: SMA fiscaliza terminales mar\u00edtimos de la Bah\u00eda Quintero"},"content":{"rendered":"<p><strong>Tras la presencia de una mancha detectada ayer en la playa de Loncura y que ser\u00eda la causa del comportamiento err\u00e1tico de aves que habitan la zona. Inspecciones son encabezadas durante esta jornada por el Superintendente del Medio Ambiente (S), Rub\u00e9n Verdugo.<\/strong><\/p>\n<p><strong>Quintero, 06 de julio de 2019.-<\/strong> La delegaci\u00f3n exclusiva de la Superintendencia del Medio Ambiente en Quintero, en conjunto con profesionales de la Oficina Regional de Valpara\u00edso, realizaron durante la jornada de ayer, actividades de fiscalizaci\u00f3n a los terminales mar\u00edtimos con resoluciones de calificaci\u00f3n ambiental (RCA) para determinar si estos est\u00e1n relacionados o no a la contingencia presente en la Bah\u00eda de Quintero, y que ser\u00eda la causa del comportamiento err\u00e1tico de aves que habitan la zona.<\/p>\n<p>Al lugar lleg\u00f3 esta ma\u00f1ana el Superintendente del Medio Ambiente (S), Rub\u00e9n Verdugo acompa\u00f1ado de profesionales de la Unidad Central de la SMA, para reforzar las actividades de monitoreo en la Bah\u00eda de Quintero, en conjunto con la Direcci\u00f3n General del Territorio Mar\u00edtimo y Marina Mercante (DIRECTEMAR).<\/p>\n<p>\u201cLa Superintendencia del Medio Ambiente est\u00e1 constituida desde ayer en el lugar realizando actividades de fiscalizaci\u00f3n para verificar si algunos de los terminales mar\u00edtimos con resoluci\u00f3n de calificaci\u00f3n ambiental (RCA) en la zona est\u00e1n relacionados o no a esta contingencia presente en la playa de Loncura. Ayer realizamos inspecciones en las unidades fiscalizables: Terminal Mar\u00edtimo de Quintero COPEC y Terminal Mar\u00edtimo de Quintero ENAP, informaci\u00f3n que ya est\u00e1 siendo analizada por nuestro equipo y que formar\u00e1 parte de un Informe de Fiscalizaci\u00f3n. Y durante esta jornada, estamos monitoreando la Bah\u00eda de Quintero en conjunto con la DIRECTEMAR para determinar el origen de esta contingencia\u201d, se\u00f1al\u00f3 Rub\u00e9n Verdugo, Superintendente del Medio Ambiente (S).<\/p>\n<p><img decoding=\"async\" class=\"alignnone size-large wp-image-18812\" src=\"https:\/\/portal.sma.gob.cl\/wp-content\/uploads\/2019\/07\/SMA-fiscaliza-terminales-mar\u00edtimos-de-la-Bah\u00eda-Quintero-B-1024x596.jpeg\" alt=\"\" width=\"1024\" height=\"596\" srcset=\"https:\/\/portal.sma.gob.cl\/wp-content\/uploads\/2019\/07\/SMA-fiscaliza-terminales-mar\u00edtimos-de-la-Bah\u00eda-Quintero-B-200x116.jpeg 200w, https:\/\/portal.sma.gob.cl\/wp-content\/uploads\/2019\/07\/SMA-fiscaliza-terminales-mar\u00edtimos-de-la-Bah\u00eda-Quintero-B-300x175.jpeg 300w, https:\/\/portal.sma.gob.cl\/wp-content\/uploads\/2019\/07\/SMA-fiscaliza-terminales-mar\u00edtimos-de-la-Bah\u00eda-Quintero-B-400x233.jpeg 400w, https:\/\/portal.sma.gob.cl\/wp-content\/uploads\/2019\/07\/SMA-fiscaliza-terminales-mar\u00edtimos-de-la-Bah\u00eda-Quintero-B-600x349.jpeg 600w, https:\/\/portal.sma.gob.cl\/wp-content\/uploads\/2019\/07\/SMA-fiscaliza-terminales-mar\u00edtimos-de-la-Bah\u00eda-Quintero-B-768x447.jpeg 768w, https:\/\/portal.sma.gob.cl\/wp-content\/uploads\/2019\/07\/SMA-fiscaliza-terminales-mar\u00edtimos-de-la-Bah\u00eda-Quintero-B-800x465.jpeg 800w, https:\/\/portal.sma.gob.cl\/wp-content\/uploads\/2019\/07\/SMA-fiscaliza-terminales-mar\u00edtimos-de-la-Bah\u00eda-Quintero-B-1024x596.jpeg 1024w, https:\/\/portal.sma.gob.cl\/wp-content\/uploads\/2019\/07\/SMA-fiscaliza-terminales-mar\u00edtimos-de-la-Bah\u00eda-Quintero-B.jpeg 1100w\" sizes=\"(max-width: 1024px) 100vw, 1024px\" \/><\/p>\n","protected":false},"excerpt":{"rendered":"<p>Tras la presencia de una mancha detectada ayer en la playa de Loncura y que ser\u00eda la causa del comportamiento err\u00e1tico de aves que habitan la zona. Inspecciones son encabezadas durante esta jornada por el Superintendente del Medio Ambiente (S), Rub\u00e9n Verdugo. Quintero, 06 de julio de 2019.- La delegaci\u00f3n exclusiva de la Superintendencia del Medio <a href=\"https:\/\/portal.sma.gob.cl\/index.php\/region-de-valparaiso-sma-fiscaliza-terminales-maritimos-de-la-bahia-quintero\/\">Leer m\u00e1s<\/a><\/p>\n","protected":false},"author":8,"featured_media":18811,"comment_status":"open","ping_status":"open","sticky":false,"template":"","format":"standard","meta":{"footnotes":""},"categories":[90,94],"tags":[],"class_list":["post-18809","post","type-post","status-publish","format-standard","has-post-thumbnail","hentry","category-comunicados-noticias","category-notas-noticias"],"_links":{"self":[{"href":"https:\/\/portal.sma.gob.cl\/index.php\/wp-json\/wp\/v2\/posts\/18809","targetHints":{"allow":["GET"]}}],"collection":[{"href":"https:\/\/portal.sma.gob.cl\/index.php\/wp-json\/wp\/v2\/posts"}],"about":[{"href":"https:\/\/portal.sma.gob.cl\/index.php\/wp-json\/wp\/v2\/types\/post"}],"author":[{"embeddable":true,"href":"https:\/\/portal.sma.gob.cl\/index.php\/wp-json\/wp\/v2\/users\/8"}],"replies":[{"embeddable":true,"href":"https:\/\/portal.sma.gob.cl\/index.php\/wp-json\/wp\/v2\/comments?post=18809"}],"version-history":[{"count":2,"href":"https:\/\/portal.sma.gob.cl\/index.php\/wp-json\/wp\/v2\/posts\/18809\/revisions"}],"predecessor-version":[{"id":18813,"href":"https:\/\/portal.sma.gob.cl\/index.php\/wp-json\/wp\/v2\/posts\/18809\/revisions\/18813"}],"wp:featuredmedia":[{"embeddable":true,"href":"https:\/\/portal.sma.gob.cl\/index.php\/wp-json\/wp\/v2\/media\/18811"}],"wp:attachment":[{"href":"https:\/\/portal.sma.gob.cl\/index.php\/wp-json\/wp\/v2\/media?parent=18809"}],"wp:term":[{"taxonomy":"category","embeddable":true,"href":"https:\/\/portal.sma.gob.cl\/index.php\/wp-json\/wp\/v2\/categories?post=18809"},{"taxonomy":"post_tag","embeddable":true,"href":"https:\/\/portal.sma.gob.cl\/index.php\/wp-json\/wp\/v2\/tags?post=18809"}],"curies":[{"name":"wp","href":"https:\/\/api.w.org\/{rel}","templated":true}]}}