{"id":18817,"date":"2019-07-10T16:49:55","date_gmt":"2019-07-10T20:49:55","guid":{"rendered":"https:\/\/portal.sma.gob.cl\/?p=18817"},"modified":"2019-07-15T09:41:06","modified_gmt":"2019-07-15T13:41:06","slug":"ciclo-de-talleres-de-sistema-de-validacion-de-equipos-de-monitoreo-sivem","status":"publish","type":"post","link":"https:\/\/portal.sma.gob.cl\/index.php\/ciclo-de-talleres-de-sistema-de-validacion-de-equipos-de-monitoreo-sivem\/","title":{"rendered":"Ciclo de Talleres de \u201cSistema de Validaci\u00f3n de Equipos de Monitoreo (SIVEM)"},"content":{"rendered":"<p><strong>Las actividades se realizar\u00e1n en tres regiones del pa\u00eds y se dirigen principalmente a titulares de establecimientos con obligaci\u00f3n de validar Sistemas de Monitoreo Continuo de Emisiones (CEMS).<\/strong><\/p>\n<p><strong>Santiago, 10 de julio de 2019. <\/strong>En el marco del proceso de asistencia al cumplimiento a establecimientos que tienen la obligaci\u00f3n de instalar y validar sistemas de monitoreo continuo de emisiones CEMS, se ha programado la realizaci\u00f3n de un ciclo de talleres orientados a titulares, encargados de estos sistemas y a p\u00fablico general.<\/p>\n<p>En los talleres se presentar\u00e1 la plataforma inform\u00e1tica \u201cSistema de Validaci\u00f3n de Equipos de Monitoreo (SIVEM)\u201d, el cual permitir\u00e1 sistematizar en su primera etapa el m\u00f3dulo de \u201cAvisos de ejecuci\u00f3n de ensayos de validaci\u00f3n (AEEV), que permitir\u00e1 presentar a esta Superintendencia los datos m\u00e1s relevantes de este proceso, como son las fechas de ejecuci\u00f3n de ensayos, responsables, ETFA participantes, entre otros.<\/p>\n<table style=\"background: #f7f7f9; border-collapse: collapse; height: 215px;\" border=\"0\" width=\"694\" cellspacing=\"0\" cellpadding=\"0\">\n<tbody>\n<tr>\n<td style=\"width: 23.4pt; border: 1pt solid windowtext; background: #d9d9d9; padding: 0cm 5.4pt;\" valign=\"top\" width=\"31\">\n<p style=\"margin: 3.75pt 0cm 0.0001pt; text-align: center;\" align=\"center\"><strong>N\u00b0<\/strong><\/p>\n<\/td>\n<td style=\"width: 103.7pt; border-top: 1pt solid windowtext; border-right: 1pt solid windowtext; border-bottom: 1pt solid windowtext; border-left: none; background: #d9d9d9; padding: 0cm 5.4pt;\" valign=\"top\" width=\"138\">\n<p style=\"margin: 3.75pt 0cm 0.0001pt; text-align: center;\" align=\"center\"><strong>Fecha \/ Hora<\/strong><\/p>\n<\/td>\n<td style=\"width: 92.15pt; border-top: 1pt solid windowtext; border-right: 1pt solid windowtext; border-bottom: 1pt solid windowtext; border-left: none; background: #d9d9d9; padding: 0cm 5.4pt;\" valign=\"top\" width=\"123\">\n<p style=\"margin: 3.75pt 0cm 0.0001pt; text-align: center;\" align=\"center\"><strong>Regi\u00f3n \/Ciudad<\/strong><\/p>\n<\/td>\n<td style=\"width: 4cm; border-top: 1pt solid windowtext; border-right: 1pt solid windowtext; border-bottom: 1pt solid windowtext; border-left: none; background: #d9d9d9; padding: 0cm 5.4pt;\" valign=\"top\" width=\"151\">\n<p style=\"margin: 3.75pt 0cm 0.0001pt; text-align: center;\" align=\"center\"><strong>Hotel\/Sal\u00f3n<\/strong><\/p>\n<\/td>\n<td style=\"width: 108.25pt; border-top: 1pt solid windowtext; border-right: 1pt solid windowtext; border-bottom: 1pt solid windowtext; border-left: none; background: #d9d9d9; padding: 0cm 5.4pt;\" valign=\"top\" width=\"144\">\n<p style=\"margin: 3.75pt 0cm 0.0001pt; text-align: center;\" align=\"center\"><strong>Direcci\u00f3n<\/strong><\/p>\n<\/td>\n<\/tr>\n<tr>\n<td style=\"width: 23.4pt; border-right: 1pt solid windowtext; border-bottom: 1pt solid windowtext; border-left: 1pt solid windowtext; border-top: none; padding: 0cm 5.4pt;\" width=\"31\">\n<p style=\"margin: 3.75pt 0cm 0.0001pt;\"><strong>1<\/strong><\/p>\n<\/td>\n<td style=\"width: 103.7pt; border-top: none; border-left: none; border-bottom: 1pt solid windowtext; border-right: 1pt solid windowtext; padding: 0cm 5.4pt;\" width=\"138\">\n<p style=\"margin: 3.75pt 0cm 0.0001pt; text-align: center;\" align=\"center\">18 de julio \/ 09:00 a 13:00<\/p>\n<\/td>\n<td style=\"width: 92.15pt; border-top: none; border-left: none; border-bottom: 1pt solid windowtext; border-right: 1pt solid windowtext; padding: 0cm 5.4pt;\" width=\"123\">\n<p style=\"margin: 3.75pt 0cm 0.0001pt;\">Metropolitana, Santiago \/ <strong>cupos agotados<\/strong><\/p>\n<\/td>\n<td style=\"width: 4cm; border-top: none; border-left: none; border-bottom: 1pt solid windowtext; border-right: 1pt solid windowtext; padding: 0cm 5.4pt;\" width=\"151\">\n<p style=\"margin: 3.75pt 0cm 0.0001pt;\">Hotel Fundador<\/p>\n<\/td>\n<td style=\"width: 108.25pt; border-top: none; border-left: none; border-bottom: 1pt solid windowtext; border-right: 1pt solid windowtext; padding: 0cm 5.4pt;\" width=\"144\">\n<p style=\"margin: 3.75pt 0cm 0.0001pt;\">Paseo Serrano N\u00b0 34.<\/p>\n<\/td>\n<\/tr>\n<tr>\n<td style=\"width: 23.4pt; border-right: 1pt solid windowtext; border-bottom: 1pt solid windowtext; border-left: 1pt solid windowtext; border-top: none; padding: 0cm 5.4pt;\" width=\"31\">\n<p style=\"margin: 3.75pt 0cm 0.0001pt;\"><strong>2<\/strong><\/p>\n<\/td>\n<td style=\"width: 103.7pt; border-top: none; border-left: none; border-bottom: 1pt solid windowtext; border-right: 1pt solid windowtext; padding: 0cm 5.4pt;\" width=\"138\">\n<p style=\"margin: 3.75pt 0cm 0.0001pt; text-align: center;\" align=\"center\">25 de julio \/ 09:00 a 13:00<\/p>\n<\/td>\n<td style=\"width: 92.15pt; border-top: none; border-left: none; border-bottom: 1pt solid windowtext; border-right: 1pt solid windowtext; padding: 0cm 5.4pt;\" width=\"123\">\n<p style=\"margin: 3.75pt 0cm 0.0001pt;\">Biob\u00edo, Concepci\u00f3n<\/p>\n<\/td>\n<td style=\"width: 4cm; border-top: none; border-left: none; border-bottom: 1pt solid windowtext; border-right: 1pt solid windowtext; padding: 0cm 5.4pt;\" width=\"151\">\n<p style=\"margin: 3.75pt 0cm 0.0001pt;\">Aurelio Hotel &amp; Apart, Sal\u00f3n Raul\u00ed<\/p>\n<\/td>\n<td style=\"width: 108.25pt; border-top: none; border-left: none; border-bottom: 1pt solid windowtext; border-right: 1pt solid windowtext; padding: 0cm 5.4pt;\" width=\"144\">\n<p style=\"margin: 3.75pt 0cm 0.0001pt;\">Salas N\u00b0 135<\/p>\n<\/td>\n<\/tr>\n<tr>\n<td style=\"width: 23.4pt; border-right: 1pt solid windowtext; border-bottom: 1pt solid windowtext; border-left: 1pt solid windowtext; border-top: none; padding: 0cm 5.4pt;\" width=\"31\">\n<p style=\"margin: 3.75pt 0cm 0.0001pt;\"><strong>3<\/strong><\/p>\n<\/td>\n<td style=\"width: 103.7pt; border-top: none; border-left: none; border-bottom: 1pt solid windowtext; border-right: 1pt solid windowtext; padding: 0cm 5.4pt;\" width=\"138\">\n<p style=\"margin: 3.75pt 0cm 0.0001pt; text-align: center;\" align=\"center\">01 de agosto \/ 09:00 a 13:00<\/p>\n<\/td>\n<td style=\"width: 92.15pt; border-top: none; border-left: none; border-bottom: 1pt solid windowtext; border-right: 1pt solid windowtext; padding: 0cm 5.4pt;\" width=\"123\">\n<p style=\"margin: 3.75pt 0cm 0.0001pt;\">Antofagasta, Antofagasta<\/p>\n<\/td>\n<td style=\"width: 4cm; border-top: none; border-left: none; border-bottom: 1pt solid windowtext; border-right: 1pt solid windowtext; padding: 0cm 5.4pt;\" width=\"151\">\n<p style=\"margin: 3.75pt 0cm 0.0001pt;\">Hotel Spark, Sal\u00f3n Cerro Moreno<\/p>\n<\/td>\n<td style=\"width: 108.25pt; border-top: none; border-left: none; border-bottom: 1pt solid windowtext; border-right: 1pt solid windowtext; padding: 0cm 5.4pt;\" width=\"144\">\n<p style=\"margin: 3.75pt 0cm 0.0001pt;\">Av. Argentina N\u00b0 1234.<\/p>\n<\/td>\n<\/tr>\n<\/tbody>\n<\/table>\n<p>&nbsp;<\/p>\n<p>Para confirmar su participaci\u00f3n, solicitamos enviar correo electr\u00f3nico a <a href=\"mailto:tallersma@sma.gob.cl\">tallersma@sma.gob.cl<\/a> indicando en el asunto la <strong>ciudad <\/strong>a la que asistir\u00e1. Adem\u00e1s, debe incluir en el correo su nombre, empresa a la que pertenece (o si es persona natural) y el e-mail de contacto. <strong><u>Si usted ya recibi\u00f3 esta invitaci\u00f3n por SNIFA y confirm\u00f3 su asistencia, no es necesario responder a esta convocatoria.<\/u><\/strong><\/p>\n","protected":false},"excerpt":{"rendered":"<p>Las actividades se realizar\u00e1n en tres regiones del pa\u00eds y se dirigen principalmente a titulares de establecimientos con obligaci\u00f3n de validar Sistemas de Monitoreo Continuo de Emisiones (CEMS). Santiago, 10 de julio de 2019. En el marco del proceso de asistencia al cumplimiento a establecimientos que tienen la obligaci\u00f3n de instalar y validar sistemas de monitoreo <a href=\"https:\/\/portal.sma.gob.cl\/index.php\/ciclo-de-talleres-de-sistema-de-validacion-de-equipos-de-monitoreo-sivem\/\">Leer m\u00e1s<\/a><\/p>\n","protected":false},"author":8,"featured_media":18823,"comment_status":"open","ping_status":"open","sticky":false,"template":"","format":"standard","meta":{"footnotes":""},"categories":[107,94],"tags":[],"class_list":["post-18817","post","type-post","status-publish","format-standard","has-post-thumbnail","hentry","category-destacado","category-notas-noticias"],"_links":{"self":[{"href":"https:\/\/portal.sma.gob.cl\/index.php\/wp-json\/wp\/v2\/posts\/18817","targetHints":{"allow":["GET"]}}],"collection":[{"href":"https:\/\/portal.sma.gob.cl\/index.php\/wp-json\/wp\/v2\/posts"}],"about":[{"href":"https:\/\/portal.sma.gob.cl\/index.php\/wp-json\/wp\/v2\/types\/post"}],"author":[{"embeddable":true,"href":"https:\/\/portal.sma.gob.cl\/index.php\/wp-json\/wp\/v2\/users\/8"}],"replies":[{"embeddable":true,"href":"https:\/\/portal.sma.gob.cl\/index.php\/wp-json\/wp\/v2\/comments?post=18817"}],"version-history":[{"count":6,"href":"https:\/\/portal.sma.gob.cl\/index.php\/wp-json\/wp\/v2\/posts\/18817\/revisions"}],"predecessor-version":[{"id":18826,"href":"https:\/\/portal.sma.gob.cl\/index.php\/wp-json\/wp\/v2\/posts\/18817\/revisions\/18826"}],"wp:featuredmedia":[{"embeddable":true,"href":"https:\/\/portal.sma.gob.cl\/index.php\/wp-json\/wp\/v2\/media\/18823"}],"wp:attachment":[{"href":"https:\/\/portal.sma.gob.cl\/index.php\/wp-json\/wp\/v2\/media?parent=18817"}],"wp:term":[{"taxonomy":"category","embeddable":true,"href":"https:\/\/portal.sma.gob.cl\/index.php\/wp-json\/wp\/v2\/categories?post=18817"},{"taxonomy":"post_tag","embeddable":true,"href":"https:\/\/portal.sma.gob.cl\/index.php\/wp-json\/wp\/v2\/tags?post=18817"}],"curies":[{"name":"wp","href":"https:\/\/api.w.org\/{rel}","templated":true}]}}