{"id":18836,"date":"2019-07-15T18:10:37","date_gmt":"2019-07-15T22:10:37","guid":{"rendered":"https:\/\/portal.sma.gob.cl\/?p=18836"},"modified":"2019-07-15T18:10:37","modified_gmt":"2019-07-15T22:10:37","slug":"pre-emergencia-sma-fiscaliza-empresas-con-fuentes-fijas-en-la-region-metropolitana-2","status":"publish","type":"post","link":"https:\/\/portal.sma.gob.cl\/index.php\/pre-emergencia-sma-fiscaliza-empresas-con-fuentes-fijas-en-la-region-metropolitana-2\/","title":{"rendered":"Pre-emergencia: SMA fiscaliza empresas con fuentes fijas en la Regi\u00f3n Metropolitana"},"content":{"rendered":"<p><strong>En el marco del episodio de pre-emergencia que rige durante esta jornada, fiscalizadores de la Superintendencia del Medio Ambiente realizaron inspecciones de fuentes fijas en la comuna de Lampa.<\/strong><\/p>\n<p><strong>Santiago, 15 de julio de 2019.\u00a0<\/strong>En el contexto de la pre-emergencia que fue decretada hoy por la Intendencia Regional Metropolitana, profesionales de la Superintendencia del Medio Ambiente (SMA) realizaron durante esta jornada rondas de fiscalizaciones a fuentes fijas de las siguientes empresas ubicadas en la comuna de Lampa: Ball Chile S.A., y Tubexa Industrial Ltda.<\/p>\n<p>Cabe recordar, que como medidas del Plan de Descontaminaci\u00f3n en la zona B y que comprende a las comunas rurales de la Regi\u00f3n Metropolitana, se paralizan las fuentes puntuales y grupales que no han acreditado, a trav\u00e9s de mediciones isocin\u00e9ticas y que sus concentraciones de material particulado son inferiores a lo establecido por el Plan.<\/p>\n<p>La paralizaci\u00f3n o restricci\u00f3n de funcionamiento de las fuentes fijas regir\u00e1 por un periodo de 24 horas, renovables y a partir de las 00:00 horas del d\u00eda para el cual se declara el episodio cr\u00edtico.<\/p>\n<p>M\u00e1s informaci\u00f3n en: <a href=\"https:\/\/portal.sma.gob.cl\/index.php\/portal-regulados\/instructivos-y-guias\/planes-de-prevencion-y-descontaminacion-ambiental\/\">Planes de Prevenci\u00f3n y Descontaminaci\u00f3n Ambiental<\/a><\/p>\n<p><img decoding=\"async\" class=\"alignnone size-large wp-image-18839\" src=\"https:\/\/portal.sma.gob.cl\/wp-content\/uploads\/2019\/07\/Pre-emergencia-SMA-fiscaliza-empresas-con-fuentes-fijas-en-la-Regi\u00f3n-Metropolitana-B-1024x596.jpg\" alt=\"\" width=\"1024\" height=\"596\" srcset=\"https:\/\/portal.sma.gob.cl\/wp-content\/uploads\/2019\/07\/Pre-emergencia-SMA-fiscaliza-empresas-con-fuentes-fijas-en-la-Regi\u00f3n-Metropolitana-B-200x116.jpg 200w, https:\/\/portal.sma.gob.cl\/wp-content\/uploads\/2019\/07\/Pre-emergencia-SMA-fiscaliza-empresas-con-fuentes-fijas-en-la-Regi\u00f3n-Metropolitana-B-300x175.jpg 300w, https:\/\/portal.sma.gob.cl\/wp-content\/uploads\/2019\/07\/Pre-emergencia-SMA-fiscaliza-empresas-con-fuentes-fijas-en-la-Regi\u00f3n-Metropolitana-B-400x233.jpg 400w, https:\/\/portal.sma.gob.cl\/wp-content\/uploads\/2019\/07\/Pre-emergencia-SMA-fiscaliza-empresas-con-fuentes-fijas-en-la-Regi\u00f3n-Metropolitana-B-600x349.jpg 600w, https:\/\/portal.sma.gob.cl\/wp-content\/uploads\/2019\/07\/Pre-emergencia-SMA-fiscaliza-empresas-con-fuentes-fijas-en-la-Regi\u00f3n-Metropolitana-B-768x447.jpg 768w, https:\/\/portal.sma.gob.cl\/wp-content\/uploads\/2019\/07\/Pre-emergencia-SMA-fiscaliza-empresas-con-fuentes-fijas-en-la-Regi\u00f3n-Metropolitana-B-800x465.jpg 800w, https:\/\/portal.sma.gob.cl\/wp-content\/uploads\/2019\/07\/Pre-emergencia-SMA-fiscaliza-empresas-con-fuentes-fijas-en-la-Regi\u00f3n-Metropolitana-B-1024x596.jpg 1024w, https:\/\/portal.sma.gob.cl\/wp-content\/uploads\/2019\/07\/Pre-emergencia-SMA-fiscaliza-empresas-con-fuentes-fijas-en-la-Regi\u00f3n-Metropolitana-B.jpg 1100w\" sizes=\"(max-width: 1024px) 100vw, 1024px\" \/><\/p>\n","protected":false},"excerpt":{"rendered":"<p>En el marco del episodio de pre-emergencia que rige durante esta jornada, fiscalizadores de la Superintendencia del Medio Ambiente realizaron inspecciones de fuentes fijas en la comuna de Lampa. Santiago, 15 de julio de 2019.\u00a0En el contexto de la pre-emergencia que fue decretada hoy por la Intendencia Regional Metropolitana, profesionales de la Superintendencia del Medio Ambiente <a href=\"https:\/\/portal.sma.gob.cl\/index.php\/pre-emergencia-sma-fiscaliza-empresas-con-fuentes-fijas-en-la-region-metropolitana-2\/\">Leer m\u00e1s<\/a><\/p>\n","protected":false},"author":8,"featured_media":18838,"comment_status":"open","ping_status":"open","sticky":false,"template":"","format":"standard","meta":{"footnotes":""},"categories":[107,94],"tags":[],"class_list":["post-18836","post","type-post","status-publish","format-standard","has-post-thumbnail","hentry","category-destacado","category-notas-noticias"],"_links":{"self":[{"href":"https:\/\/portal.sma.gob.cl\/index.php\/wp-json\/wp\/v2\/posts\/18836","targetHints":{"allow":["GET"]}}],"collection":[{"href":"https:\/\/portal.sma.gob.cl\/index.php\/wp-json\/wp\/v2\/posts"}],"about":[{"href":"https:\/\/portal.sma.gob.cl\/index.php\/wp-json\/wp\/v2\/types\/post"}],"author":[{"embeddable":true,"href":"https:\/\/portal.sma.gob.cl\/index.php\/wp-json\/wp\/v2\/users\/8"}],"replies":[{"embeddable":true,"href":"https:\/\/portal.sma.gob.cl\/index.php\/wp-json\/wp\/v2\/comments?post=18836"}],"version-history":[{"count":2,"href":"https:\/\/portal.sma.gob.cl\/index.php\/wp-json\/wp\/v2\/posts\/18836\/revisions"}],"predecessor-version":[{"id":18840,"href":"https:\/\/portal.sma.gob.cl\/index.php\/wp-json\/wp\/v2\/posts\/18836\/revisions\/18840"}],"wp:featuredmedia":[{"embeddable":true,"href":"https:\/\/portal.sma.gob.cl\/index.php\/wp-json\/wp\/v2\/media\/18838"}],"wp:attachment":[{"href":"https:\/\/portal.sma.gob.cl\/index.php\/wp-json\/wp\/v2\/media?parent=18836"}],"wp:term":[{"taxonomy":"category","embeddable":true,"href":"https:\/\/portal.sma.gob.cl\/index.php\/wp-json\/wp\/v2\/categories?post=18836"},{"taxonomy":"post_tag","embeddable":true,"href":"https:\/\/portal.sma.gob.cl\/index.php\/wp-json\/wp\/v2\/tags?post=18836"}],"curies":[{"name":"wp","href":"https:\/\/api.w.org\/{rel}","templated":true}]}}