{"id":18845,"date":"2019-07-19T16:11:26","date_gmt":"2019-07-19T20:11:26","guid":{"rendered":"https:\/\/portal.sma.gob.cl\/?p=18845"},"modified":"2019-07-19T16:12:31","modified_gmt":"2019-07-19T20:12:31","slug":"sma-realiza-taller-con-asociacion-de-industriales-de-antofagasta-2","status":"publish","type":"post","link":"https:\/\/portal.sma.gob.cl\/index.php\/sma-realiza-taller-con-asociacion-de-industriales-de-antofagasta-2\/","title":{"rendered":"SMA realiza taller con Asociaci\u00f3n de Industriales de Antofagasta"},"content":{"rendered":"<p><strong>M\u00e1s de 20 profesionales asistieron al encuentro, el cual se enmarca en la promoci\u00f3n al cumplimiento ambiental que potencia la Superintendencia del Medio Ambiente.<\/strong><\/p>\n<p><strong>Antofagasta, 19 de julio de 2019.<\/strong> La Oficina Regional de Antofagasta de la Superintendencia del Medio Ambiente (SMA) realiz\u00f3 un taller para la Asociaci\u00f3n de Industriales de Antofagasta (AIA), y que tuvo por objeto promover el cumplimiento ambiental de sus asociados.<\/p>\n<p>Durante el encuentro desarrollado en las dependencias de la AIA , se abordaron temas relacionados a procesos y resultados de fiscalizaci\u00f3n ambiental, procesos de sanci\u00f3n, herramientas para promover el cumplimiento ambiental; as\u00ed como tambi\u00e9n, instrucci\u00f3n de reporte de planes de emergencia y contingencia de RCA, e instrucci\u00f3n de reporte de seguimiento ambiental asociado al componente agua.<\/p>\n<p>\u201cEn relaci\u00f3n a los resultados de la fiscalizaci\u00f3n de programas y subprogramas realizados entre los a\u00f1os 2016 y 2018, visualizamos un aumento en las fiscalizaciones, y cuyo informe de fiscalizaci\u00f3n concluye sin hallazgos. Lo anterior, demuestra una mejora en el comportamiento de las empresas que cuentan con RCA, y que fue bien acogido por los asistentes al taller\u201d, se\u00f1al\u00f3 Sandra Cortez, Jefa de la Oficina Regional SMA Antofagasta.<\/p>\n<p>Finalmente, durante la actividad se analiz\u00f3 tambi\u00e9n el alcance que tiene la contaminaci\u00f3n lum\u00ednica. Al respecto, el presidente de la asociaci\u00f3n, Ricardo Mu\u00f1oz, plante\u00f3 que quieren impulsar a una empresa de la zona para que realice la tarea de certificaci\u00f3n de luminarias en la regi\u00f3n de Antofagasta.<\/p>\n","protected":false},"excerpt":{"rendered":"<p>M\u00e1s de 20 profesionales asistieron al encuentro, el cual se enmarca en la promoci\u00f3n al cumplimiento ambiental que potencia la Superintendencia del Medio Ambiente. Antofagasta, 19 de julio de 2019. La Oficina Regional de Antofagasta de la Superintendencia del Medio Ambiente (SMA) realiz\u00f3 un taller para la Asociaci\u00f3n de Industriales de Antofagasta (AIA), y que tuvo <a href=\"https:\/\/portal.sma.gob.cl\/index.php\/sma-realiza-taller-con-asociacion-de-industriales-de-antofagasta-2\/\">Leer m\u00e1s<\/a><\/p>\n","protected":false},"author":8,"featured_media":18847,"comment_status":"open","ping_status":"open","sticky":false,"template":"","format":"standard","meta":{"footnotes":""},"categories":[107,94],"tags":[],"class_list":["post-18845","post","type-post","status-publish","format-standard","has-post-thumbnail","hentry","category-destacado","category-notas-noticias"],"_links":{"self":[{"href":"https:\/\/portal.sma.gob.cl\/index.php\/wp-json\/wp\/v2\/posts\/18845","targetHints":{"allow":["GET"]}}],"collection":[{"href":"https:\/\/portal.sma.gob.cl\/index.php\/wp-json\/wp\/v2\/posts"}],"about":[{"href":"https:\/\/portal.sma.gob.cl\/index.php\/wp-json\/wp\/v2\/types\/post"}],"author":[{"embeddable":true,"href":"https:\/\/portal.sma.gob.cl\/index.php\/wp-json\/wp\/v2\/users\/8"}],"replies":[{"embeddable":true,"href":"https:\/\/portal.sma.gob.cl\/index.php\/wp-json\/wp\/v2\/comments?post=18845"}],"version-history":[{"count":1,"href":"https:\/\/portal.sma.gob.cl\/index.php\/wp-json\/wp\/v2\/posts\/18845\/revisions"}],"predecessor-version":[{"id":18846,"href":"https:\/\/portal.sma.gob.cl\/index.php\/wp-json\/wp\/v2\/posts\/18845\/revisions\/18846"}],"wp:featuredmedia":[{"embeddable":true,"href":"https:\/\/portal.sma.gob.cl\/index.php\/wp-json\/wp\/v2\/media\/18847"}],"wp:attachment":[{"href":"https:\/\/portal.sma.gob.cl\/index.php\/wp-json\/wp\/v2\/media?parent=18845"}],"wp:term":[{"taxonomy":"category","embeddable":true,"href":"https:\/\/portal.sma.gob.cl\/index.php\/wp-json\/wp\/v2\/categories?post=18845"},{"taxonomy":"post_tag","embeddable":true,"href":"https:\/\/portal.sma.gob.cl\/index.php\/wp-json\/wp\/v2\/tags?post=18845"}],"curies":[{"name":"wp","href":"https:\/\/api.w.org\/{rel}","templated":true}]}}