{"id":18850,"date":"2019-07-22T15:13:13","date_gmt":"2019-07-22T19:13:13","guid":{"rendered":"https:\/\/portal.sma.gob.cl\/?p=18850"},"modified":"2019-07-26T11:44:13","modified_gmt":"2019-07-26T15:44:13","slug":"antofagasta-sma-realizara-talleres-sobre-norma-luminica-y-de-ruidos","status":"publish","type":"post","link":"https:\/\/portal.sma.gob.cl\/index.php\/antofagasta-sma-realizara-talleres-sobre-norma-luminica-y-de-ruidos\/","title":{"rendered":"Antofagasta: SMA realizar\u00e1 talleres sobre Norma Lum\u00ednica y de Ruidos"},"content":{"rendered":"<p><strong>Encuentros que se enmarcan en la promoci\u00f3n al cumplimiento ambiental, y que son potenciados por la Superintendencia del Medio Ambiente.<\/strong><\/p>\n<p><strong>Antofagasta, 22 de julio de 2019.-<\/strong> La Superintendencia del Medio Ambiente (SMA) a trav\u00e9s de la Oficina Regional de Antofagasta, realizar\u00e1 un taller de difusi\u00f3n de antecedentes de la <strong>norma de contaminaci\u00f3n lum\u00ednica<\/strong> el d\u00eda 25 de Julio de 2019, entre las 09:30 a 12:00 horas, en el Auditorio de Edificio del Ministerio de Obras P\u00fablicas (MOP) ubicado en calle 21 de mayo N\u00b0470, primer piso, Antofagasta. Y durante la tarde, entre las 15 a 17 horas, se desarrollar\u00e1 un segundo taller orientado a la difusi\u00f3n de antecedentes de la <strong>norma de emisi\u00f3n de ruidos<\/strong> generados por fuentes fijas establecido en el Decreto Supremo N\u00b0 38\/2012 del Ministerio del Medio Ambiente.<\/p>\n<p>Ambas actividades tienen por objeto dar a conocer los principales aspectos para el cumplimiento de dichas normas, c\u00f3mo se realiza sus fiscalizaciones, entre otros temas relevantes. Si desea participar, debe enviar un correo dirigido a la casilla electr\u00f3nica <a href=\"mailto:oficina.antofagasta@sma.gob.cl\">oficina.antofagasta@sma.gob.cl<\/a> indicando nombre, cargo, empresa o instituci\u00f3n, y al taller que desea asistir o llamar al tel\u00e9fono +56552530385 (Cupos para cada taller son limitados).<\/p>\n","protected":false},"excerpt":{"rendered":"<p>Encuentros que se enmarcan en la promoci\u00f3n al cumplimiento ambiental, y que son potenciados por la Superintendencia del Medio Ambiente. Antofagasta, 22 de julio de 2019.- La Superintendencia del Medio Ambiente (SMA) a trav\u00e9s de la Oficina Regional de Antofagasta, realizar\u00e1 un taller de difusi\u00f3n de antecedentes de la norma de contaminaci\u00f3n lum\u00ednica el d\u00eda 25 <a href=\"https:\/\/portal.sma.gob.cl\/index.php\/antofagasta-sma-realizara-talleres-sobre-norma-luminica-y-de-ruidos\/\">Leer m\u00e1s<\/a><\/p>\n","protected":false},"author":8,"featured_media":18852,"comment_status":"open","ping_status":"open","sticky":false,"template":"","format":"standard","meta":{"footnotes":""},"categories":[94],"tags":[],"class_list":["post-18850","post","type-post","status-publish","format-standard","has-post-thumbnail","hentry","category-notas-noticias"],"_links":{"self":[{"href":"https:\/\/portal.sma.gob.cl\/index.php\/wp-json\/wp\/v2\/posts\/18850","targetHints":{"allow":["GET"]}}],"collection":[{"href":"https:\/\/portal.sma.gob.cl\/index.php\/wp-json\/wp\/v2\/posts"}],"about":[{"href":"https:\/\/portal.sma.gob.cl\/index.php\/wp-json\/wp\/v2\/types\/post"}],"author":[{"embeddable":true,"href":"https:\/\/portal.sma.gob.cl\/index.php\/wp-json\/wp\/v2\/users\/8"}],"replies":[{"embeddable":true,"href":"https:\/\/portal.sma.gob.cl\/index.php\/wp-json\/wp\/v2\/comments?post=18850"}],"version-history":[{"count":1,"href":"https:\/\/portal.sma.gob.cl\/index.php\/wp-json\/wp\/v2\/posts\/18850\/revisions"}],"predecessor-version":[{"id":18851,"href":"https:\/\/portal.sma.gob.cl\/index.php\/wp-json\/wp\/v2\/posts\/18850\/revisions\/18851"}],"wp:featuredmedia":[{"embeddable":true,"href":"https:\/\/portal.sma.gob.cl\/index.php\/wp-json\/wp\/v2\/media\/18852"}],"wp:attachment":[{"href":"https:\/\/portal.sma.gob.cl\/index.php\/wp-json\/wp\/v2\/media?parent=18850"}],"wp:term":[{"taxonomy":"category","embeddable":true,"href":"https:\/\/portal.sma.gob.cl\/index.php\/wp-json\/wp\/v2\/categories?post=18850"},{"taxonomy":"post_tag","embeddable":true,"href":"https:\/\/portal.sma.gob.cl\/index.php\/wp-json\/wp\/v2\/tags?post=18850"}],"curies":[{"name":"wp","href":"https:\/\/api.w.org\/{rel}","templated":true}]}}