{"id":18859,"date":"2019-07-25T17:58:45","date_gmt":"2019-07-25T21:58:45","guid":{"rendered":"https:\/\/portal.sma.gob.cl\/?p=18859"},"modified":"2019-07-25T17:58:45","modified_gmt":"2019-07-25T21:58:45","slug":"sma-se-reune-con-titulares-afectos-al-pda-de-concon-quintero-y-puchuncavi","status":"publish","type":"post","link":"https:\/\/portal.sma.gob.cl\/index.php\/sma-se-reune-con-titulares-afectos-al-pda-de-concon-quintero-y-puchuncavi\/","title":{"rendered":"SMA se re\u00fane con titulares afectos al PDA de Conc\u00f3n, Quintero y Puchuncav\u00ed"},"content":{"rendered":"<p><strong>Encuentro que se enmarca en el contexto de la asistencia al cumplimento que promociona la Superintendencia del Medio Ambiente, y que estuvo orientado a reforzar aspectos generales de los planes operacionales implementados por las empresas de la zona.<\/strong><\/p>\n<p><strong>Valpara\u00edso, 25 de julio de 2019.-<\/strong> El Superintendente del Medio Ambiente (S) Rub\u00e9n Verdugo, en conjunto con profesionales de la Oficina Regional de Valpara\u00edso y del nivel centra de la SMA, se reunieron esta ma\u00f1ana en la ciudad de Valpara\u00edso, con titulares afectos al nuevo Plan de Descontaminaci\u00f3n Atmosf\u00e9rica (PDA) y que rige para las comunas de Conc\u00f3n, Quintero y Puchuncav\u00ed. La actividad, tuvo por objetivo revisar el PDA de la zona, as\u00ed como tambi\u00e9n los \u00edndices de la calidad del aire registrados en las comunas mencionadas, manejo y control de emisiones, planes operacionales, entre otros aspectos.<\/p>\n<p>Durante la presentaci\u00f3n, el Superintendente tambi\u00e9n inform\u00f3 el n\u00famero de fiscalizaciones que ha realizado la delegaci\u00f3n exclusiva de la SMA en Quintero, y que desde abril a la fecha, ascienden a m\u00e1s de 115 actividades de inspecci\u00f3n a las empresas sujetas al PDA.<\/p>\n<p>\u201cEl llamado que hacemos como Superintendencia est\u00e1 centrado a redoblar los esfuerzos operacionales de gesti\u00f3n, respecto de la realidad que estamos visualizando a diario en la zona, junto con revisar y actualizar permanentemente los planes de contingencias de cada titular\u201d, enfatiz\u00f3 Rub\u00e9n Verdugo, Superintendente del Medio Ambiente (S).<\/p>\n<p>La actividad forma de la estrategia territorial establecida por la SMA para el per\u00edodo 2019.<\/p>\n","protected":false},"excerpt":{"rendered":"<p>Encuentro que se enmarca en el contexto de la asistencia al cumplimento que promociona la Superintendencia del Medio Ambiente, y que estuvo orientado a reforzar aspectos generales de los planes operacionales implementados por las empresas de la zona. Valpara\u00edso, 25 de julio de 2019.- El Superintendente del Medio Ambiente (S) Rub\u00e9n Verdugo, en conjunto con profesionales <a href=\"https:\/\/portal.sma.gob.cl\/index.php\/sma-se-reune-con-titulares-afectos-al-pda-de-concon-quintero-y-puchuncavi\/\">Leer m\u00e1s<\/a><\/p>\n","protected":false},"author":8,"featured_media":18862,"comment_status":"open","ping_status":"open","sticky":false,"template":"","format":"standard","meta":{"footnotes":""},"categories":[107,94],"tags":[],"class_list":["post-18859","post","type-post","status-publish","format-standard","has-post-thumbnail","hentry","category-destacado","category-notas-noticias"],"_links":{"self":[{"href":"https:\/\/portal.sma.gob.cl\/index.php\/wp-json\/wp\/v2\/posts\/18859","targetHints":{"allow":["GET"]}}],"collection":[{"href":"https:\/\/portal.sma.gob.cl\/index.php\/wp-json\/wp\/v2\/posts"}],"about":[{"href":"https:\/\/portal.sma.gob.cl\/index.php\/wp-json\/wp\/v2\/types\/post"}],"author":[{"embeddable":true,"href":"https:\/\/portal.sma.gob.cl\/index.php\/wp-json\/wp\/v2\/users\/8"}],"replies":[{"embeddable":true,"href":"https:\/\/portal.sma.gob.cl\/index.php\/wp-json\/wp\/v2\/comments?post=18859"}],"version-history":[{"count":3,"href":"https:\/\/portal.sma.gob.cl\/index.php\/wp-json\/wp\/v2\/posts\/18859\/revisions"}],"predecessor-version":[{"id":18863,"href":"https:\/\/portal.sma.gob.cl\/index.php\/wp-json\/wp\/v2\/posts\/18859\/revisions\/18863"}],"wp:featuredmedia":[{"embeddable":true,"href":"https:\/\/portal.sma.gob.cl\/index.php\/wp-json\/wp\/v2\/media\/18862"}],"wp:attachment":[{"href":"https:\/\/portal.sma.gob.cl\/index.php\/wp-json\/wp\/v2\/media?parent=18859"}],"wp:term":[{"taxonomy":"category","embeddable":true,"href":"https:\/\/portal.sma.gob.cl\/index.php\/wp-json\/wp\/v2\/categories?post=18859"},{"taxonomy":"post_tag","embeddable":true,"href":"https:\/\/portal.sma.gob.cl\/index.php\/wp-json\/wp\/v2\/tags?post=18859"}],"curies":[{"name":"wp","href":"https:\/\/api.w.org\/{rel}","templated":true}]}}