{"id":18864,"date":"2019-07-26T11:43:41","date_gmt":"2019-07-26T15:43:41","guid":{"rendered":"https:\/\/portal.sma.gob.cl\/?p=18864"},"modified":"2019-07-26T12:29:34","modified_gmt":"2019-07-26T16:29:34","slug":"antofagasta-talleres-de-ruido-y-norma-luminica-se-desarrollan-con-alta-convocatoria","status":"publish","type":"post","link":"https:\/\/portal.sma.gob.cl\/index.php\/antofagasta-talleres-de-ruido-y-norma-luminica-se-desarrollan-con-alta-convocatoria\/","title":{"rendered":"ANTOFAGASTA: Talleres de ruido y norma lum\u00ednica se desarrollan con alta convocatoria"},"content":{"rendered":"<p><strong>Se realizaron dos jornadas de capacitaci\u00f3n para explicar la normativa que la Superintendencia del Medio Ambiente debe fiscalizar en la regi\u00f3n.<\/strong><\/p>\n<p><strong>Antofagasta, 26 de julio de 2019. <\/strong>M\u00e1s de 110 personas participaron ayer en dos actividades organizadas por la oficina Regional de Antofagasta de la Superintendencia del Medio Ambiente (SMA), realizadas en el auditorio del Ministerio de Obras P\u00fablicas en la capital regional.<\/p>\n<p>Durante la ma\u00f1ana fue el turno de la \u201cNorma Lum\u00ednica\u201d, donde \u00a073 profesionales asistieron para conocer en profundidad las obligaciones que establece dicha regulaci\u00f3n, vigente para las regiones del norte del pa\u00eds y que busca preservar la oscuridad de los cielos para la observaci\u00f3n astron\u00f3mica. Los expositores de esta charla fueron Felipe Loaiza, profesional del Departamento de ruido, lum\u00ednica y olores Ministerio del Medio Ambiente; Pedro Sanhueza, director de la Oficina de Protecci\u00f3n de la Calidad del Cielo del Norte de Chile; y Mat\u00edas Tapia, profesional de la SMA.<\/p>\n<p>En tanto, durante la jornada de la tarde, 44 representantes de locales nocturnos de la regi\u00f3n, se dieron cita para conocer m\u00e1s sobre la Norma de Ruidos y c\u00f3mo cumplir con ella, con exposiciones de profesionales de la Superintendencia: Mat\u00edas Tapia (Fiscalizaci\u00f3n) y Sebasti\u00e1n Tapia (Divisi\u00f3n de Sanci\u00f3n y Cumplimiento). Cabe destacar que los ruidos molestos son una de las materias m\u00e1s denunciadas ante la SMA, y por ello, se busca acercar la normativa a los locatarios para que comprendan sus obligaciones y c\u00f3mo pueden prevenir la generaci\u00f3n de ruidos molestos a las comunidades cercanas.<\/p>\n<p>\u201cEn ambos talleres tuvimos una gran convocatoria. Estamos muy satisfechos por la asistencia, y en general, porque se dieron varias rondas de preguntas, donde los asistentes pudieron resolver sus dudas y tener ejemplos pr\u00e1cticos para poder cumplir con la normativa vigente\u201d, asegur\u00f3 Sandra Cortez, jefa de la Oficina Regional de Antofagasta tras el evento.<\/p>\n","protected":false},"excerpt":{"rendered":"<p>Se realizaron dos jornadas de capacitaci\u00f3n para explicar la normativa que la Superintendencia del Medio Ambiente debe fiscalizar en la regi\u00f3n. Antofagasta, 26 de julio de 2019. M\u00e1s de 110 personas participaron ayer en dos actividades organizadas por la oficina Regional de Antofagasta de la Superintendencia del Medio Ambiente (SMA), realizadas en el auditorio del Ministerio <a href=\"https:\/\/portal.sma.gob.cl\/index.php\/antofagasta-talleres-de-ruido-y-norma-luminica-se-desarrollan-con-alta-convocatoria\/\">Leer m\u00e1s<\/a><\/p>\n","protected":false},"author":9,"featured_media":18865,"comment_status":"open","ping_status":"open","sticky":false,"template":"","format":"standard","meta":{"footnotes":""},"categories":[107,94],"tags":[155,111,110],"class_list":["post-18864","post","type-post","status-publish","format-standard","has-post-thumbnail","hentry","category-destacado","category-notas-noticias","tag-antofagasta","tag-ruidos","tag-sma"],"_links":{"self":[{"href":"https:\/\/portal.sma.gob.cl\/index.php\/wp-json\/wp\/v2\/posts\/18864","targetHints":{"allow":["GET"]}}],"collection":[{"href":"https:\/\/portal.sma.gob.cl\/index.php\/wp-json\/wp\/v2\/posts"}],"about":[{"href":"https:\/\/portal.sma.gob.cl\/index.php\/wp-json\/wp\/v2\/types\/post"}],"author":[{"embeddable":true,"href":"https:\/\/portal.sma.gob.cl\/index.php\/wp-json\/wp\/v2\/users\/9"}],"replies":[{"embeddable":true,"href":"https:\/\/portal.sma.gob.cl\/index.php\/wp-json\/wp\/v2\/comments?post=18864"}],"version-history":[{"count":3,"href":"https:\/\/portal.sma.gob.cl\/index.php\/wp-json\/wp\/v2\/posts\/18864\/revisions"}],"predecessor-version":[{"id":18868,"href":"https:\/\/portal.sma.gob.cl\/index.php\/wp-json\/wp\/v2\/posts\/18864\/revisions\/18868"}],"wp:featuredmedia":[{"embeddable":true,"href":"https:\/\/portal.sma.gob.cl\/index.php\/wp-json\/wp\/v2\/media\/18865"}],"wp:attachment":[{"href":"https:\/\/portal.sma.gob.cl\/index.php\/wp-json\/wp\/v2\/media?parent=18864"}],"wp:term":[{"taxonomy":"category","embeddable":true,"href":"https:\/\/portal.sma.gob.cl\/index.php\/wp-json\/wp\/v2\/categories?post=18864"},{"taxonomy":"post_tag","embeddable":true,"href":"https:\/\/portal.sma.gob.cl\/index.php\/wp-json\/wp\/v2\/tags?post=18864"}],"curies":[{"name":"wp","href":"https:\/\/api.w.org\/{rel}","templated":true}]}}