{"id":18869,"date":"2019-07-26T12:32:11","date_gmt":"2019-07-26T16:32:11","guid":{"rendered":"https:\/\/portal.sma.gob.cl\/?p=18869"},"modified":"2019-07-26T14:29:25","modified_gmt":"2019-07-26T18:29:25","slug":"chillan-sma-realiza-taller-informativo-para-servicios-publicos-de-la-nueva-region-de-nuble","status":"publish","type":"post","link":"https:\/\/portal.sma.gob.cl\/index.php\/chillan-sma-realiza-taller-informativo-para-servicios-publicos-de-la-nueva-region-de-nuble\/","title":{"rendered":"Chill\u00e1n: SMA realiza taller informativo para servicios p\u00fablicos de la nueva regi\u00f3n de \u00d1uble"},"content":{"rendered":"<p><strong>La actividad se realiz\u00f3 en el marco de la asistencia al cumplimiento por parte de la nueva Oficina Regional y explic\u00f3 las funciones, potestades y manejo de denuncias que realiza el organismo.<\/strong><\/p>\n<p><strong>Chill\u00e1n, 26 de julio de 2019. <\/strong>La nueva Oficina Regional de la Superintendencia del Medio Ambiente en \u00d1uble, llev\u00f3 a cabo un taller el d\u00eda 18 de julio de 2019, en el cual participaron 35 representantes de la recientemente creada regi\u00f3n del \u00d1uble.<\/p>\n<p>En la oportunidad el jefe regional, Cristi\u00e1n Lineros, explic\u00f3 el marco normativo de la SMA, rese\u00f1ando las facultades de fiscalizaci\u00f3n y sanci\u00f3n del organismo. Explic\u00f3, por ejemplo, d\u00f3nde est\u00e1n ubicadas las 309 Resoluciones de Calificaci\u00f3n Ambiental (RCA) vigentes al momento del taller, a qu\u00e9 sectores productivos pertenecen, y c\u00f3mo se fiscalizan en el marco del programa y subprograma anual.<\/p>\n<p>Asimismo, explic\u00f3 c\u00f3mo se realiza la recepci\u00f3n y gesti\u00f3n de denuncias ciudadanas en el organismo, haciendo hincapi\u00e9 en la importancia de recibir la informaci\u00f3n m\u00e1s completa posible por parte de los denunciantes, ya que en muchas ocasiones, se requiere ir hasta sus domicilios a tomar muestras o realizar mediciones en el caso de la norma de ruidos.<\/p>\n<p>\u201cEstamos capacitando a los servicios para que conozcan la Superintendencia, nuestras potestades y c\u00f3mo llevamos a cabo los procedimientos de fiscalizaci\u00f3n y sanci\u00f3n. Seguiremos realizando este tipo de talleres, tambi\u00e9n con empresas titulares de proyectos que debemos fiscalizar, en el marco de la promoci\u00f3n al cumplimiento que debemos realizar como SMA\u201d, sostuvo Cristi\u00e1n Lineros, jefe regional, tras el encuentro.<\/p>\n","protected":false},"excerpt":{"rendered":"<p>La actividad se realiz\u00f3 en el marco de la asistencia al cumplimiento por parte de la nueva Oficina Regional y explic\u00f3 las funciones, potestades y manejo de denuncias que realiza el organismo. Chill\u00e1n, 26 de julio de 2019. La nueva Oficina Regional de la Superintendencia del Medio Ambiente en \u00d1uble, llev\u00f3 a cabo un taller el <a href=\"https:\/\/portal.sma.gob.cl\/index.php\/chillan-sma-realiza-taller-informativo-para-servicios-publicos-de-la-nueva-region-de-nuble\/\">Leer m\u00e1s<\/a><\/p>\n","protected":false},"author":9,"featured_media":18870,"comment_status":"open","ping_status":"open","sticky":false,"template":"","format":"standard","meta":{"footnotes":""},"categories":[107,94],"tags":[156,110,157],"class_list":["post-18869","post","type-post","status-publish","format-standard","has-post-thumbnail","hentry","category-destacado","category-notas-noticias","tag-chillan","tag-sma","tag-taller"],"_links":{"self":[{"href":"https:\/\/portal.sma.gob.cl\/index.php\/wp-json\/wp\/v2\/posts\/18869","targetHints":{"allow":["GET"]}}],"collection":[{"href":"https:\/\/portal.sma.gob.cl\/index.php\/wp-json\/wp\/v2\/posts"}],"about":[{"href":"https:\/\/portal.sma.gob.cl\/index.php\/wp-json\/wp\/v2\/types\/post"}],"author":[{"embeddable":true,"href":"https:\/\/portal.sma.gob.cl\/index.php\/wp-json\/wp\/v2\/users\/9"}],"replies":[{"embeddable":true,"href":"https:\/\/portal.sma.gob.cl\/index.php\/wp-json\/wp\/v2\/comments?post=18869"}],"version-history":[{"count":1,"href":"https:\/\/portal.sma.gob.cl\/index.php\/wp-json\/wp\/v2\/posts\/18869\/revisions"}],"predecessor-version":[{"id":18871,"href":"https:\/\/portal.sma.gob.cl\/index.php\/wp-json\/wp\/v2\/posts\/18869\/revisions\/18871"}],"wp:featuredmedia":[{"embeddable":true,"href":"https:\/\/portal.sma.gob.cl\/index.php\/wp-json\/wp\/v2\/media\/18870"}],"wp:attachment":[{"href":"https:\/\/portal.sma.gob.cl\/index.php\/wp-json\/wp\/v2\/media?parent=18869"}],"wp:term":[{"taxonomy":"category","embeddable":true,"href":"https:\/\/portal.sma.gob.cl\/index.php\/wp-json\/wp\/v2\/categories?post=18869"},{"taxonomy":"post_tag","embeddable":true,"href":"https:\/\/portal.sma.gob.cl\/index.php\/wp-json\/wp\/v2\/tags?post=18869"}],"curies":[{"name":"wp","href":"https:\/\/api.w.org\/{rel}","templated":true}]}}