{"id":18873,"date":"2019-07-29T12:18:38","date_gmt":"2019-07-29T16:18:38","guid":{"rendered":"https:\/\/portal.sma.gob.cl\/?p=18873"},"modified":"2019-07-29T13:09:20","modified_gmt":"2019-07-29T17:09:20","slug":"emergencia-ambiental-sma-realiza-fiscalizaciones-a-industrias-afectas-al-plan-de-descontaminacion-de-quintero","status":"publish","type":"post","link":"https:\/\/portal.sma.gob.cl\/index.php\/emergencia-ambiental-sma-realiza-fiscalizaciones-a-industrias-afectas-al-plan-de-descontaminacion-de-quintero\/","title":{"rendered":"Emergencia Ambiental: SMA realiza fiscalizaciones a industrias afectas al Plan de Descontaminaci\u00f3n de Quintero"},"content":{"rendered":"<p><strong>Profesionales de la delegaci\u00f3n exclusiva instalada en Quintero est\u00e1n realizando rondas de fiscalizaci\u00f3n, tras decretarse emergencia ambiental por presencia de Di\u00f3xido de Azufre (SO2).<\/strong><\/p>\n<p><strong>Quintero, 29 de julio de 2019.<\/strong> Profesionales de la delegaci\u00f3n exclusiva de la Superintendencia del Medio Ambiente (SMA), quienes fiscalizan el nuevo Plan de Descontaminaci\u00f3n Atmosf\u00e9rico de Conc\u00f3n-Quintero-Puchuncav\u00ed, se encuentran desplegados en terreno fiscalizando empresas del cord\u00f3n industrial de la zona, monitoreando las medidas que deben tomar en episodios de emergencia ambiental, a ra\u00edz del peak de Di\u00f3xido de Azufre (SO2) constatado esta ma\u00f1ana por las estaciones de monitoreo entre las 08.00 y 09.00 hrs.<\/p>\n<p>\u201cEspec\u00edficamente, nuestros fiscalizadores se encuentran realizando inspecciones en la Fundici\u00f3n Ventanas de Codelco y en el Complejo Termoel\u00e9ctrico Ventanas de AES Gener. En ambos casos, las empresas deben ajustarse a las acciones comprometidas en sus Planes Operacionales para episodios de emergencia ambiental. Con la informaci\u00f3n recabada en terreno se realizar\u00e1n informes de fiscalizaci\u00f3n y se evaluar\u00e1 si hubo o no cumplimiento normativo\u201d, afirm\u00f3 Sergio de la Barrera, Jefe de la Oficina Regional de Valpara\u00edso de la SMA.<\/p>\n","protected":false},"excerpt":{"rendered":"<p>Profesionales de la delegaci\u00f3n exclusiva instalada en Quintero est\u00e1n realizando rondas de fiscalizaci\u00f3n, tras decretarse emergencia ambiental por presencia de Di\u00f3xido de Azufre (SO2). Quintero, 29 de julio de 2019. Profesionales de la delegaci\u00f3n exclusiva de la Superintendencia del Medio Ambiente (SMA), quienes fiscalizan el nuevo Plan de Descontaminaci\u00f3n Atmosf\u00e9rico de Conc\u00f3n-Quintero-Puchuncav\u00ed, se encuentran desplegados en <a href=\"https:\/\/portal.sma.gob.cl\/index.php\/emergencia-ambiental-sma-realiza-fiscalizaciones-a-industrias-afectas-al-plan-de-descontaminacion-de-quintero\/\">Leer m\u00e1s<\/a><\/p>\n","protected":false},"author":9,"featured_media":18877,"comment_status":"open","ping_status":"open","sticky":false,"template":"","format":"standard","meta":{"footnotes":""},"categories":[90,107],"tags":[],"class_list":["post-18873","post","type-post","status-publish","format-standard","has-post-thumbnail","hentry","category-comunicados-noticias","category-destacado"],"_links":{"self":[{"href":"https:\/\/portal.sma.gob.cl\/index.php\/wp-json\/wp\/v2\/posts\/18873","targetHints":{"allow":["GET"]}}],"collection":[{"href":"https:\/\/portal.sma.gob.cl\/index.php\/wp-json\/wp\/v2\/posts"}],"about":[{"href":"https:\/\/portal.sma.gob.cl\/index.php\/wp-json\/wp\/v2\/types\/post"}],"author":[{"embeddable":true,"href":"https:\/\/portal.sma.gob.cl\/index.php\/wp-json\/wp\/v2\/users\/9"}],"replies":[{"embeddable":true,"href":"https:\/\/portal.sma.gob.cl\/index.php\/wp-json\/wp\/v2\/comments?post=18873"}],"version-history":[{"count":2,"href":"https:\/\/portal.sma.gob.cl\/index.php\/wp-json\/wp\/v2\/posts\/18873\/revisions"}],"predecessor-version":[{"id":18876,"href":"https:\/\/portal.sma.gob.cl\/index.php\/wp-json\/wp\/v2\/posts\/18873\/revisions\/18876"}],"wp:featuredmedia":[{"embeddable":true,"href":"https:\/\/portal.sma.gob.cl\/index.php\/wp-json\/wp\/v2\/media\/18877"}],"wp:attachment":[{"href":"https:\/\/portal.sma.gob.cl\/index.php\/wp-json\/wp\/v2\/media?parent=18873"}],"wp:term":[{"taxonomy":"category","embeddable":true,"href":"https:\/\/portal.sma.gob.cl\/index.php\/wp-json\/wp\/v2\/categories?post=18873"},{"taxonomy":"post_tag","embeddable":true,"href":"https:\/\/portal.sma.gob.cl\/index.php\/wp-json\/wp\/v2\/tags?post=18873"}],"curies":[{"name":"wp","href":"https:\/\/api.w.org\/{rel}","templated":true}]}}