{"id":18878,"date":"2019-07-22T12:40:03","date_gmt":"2019-07-22T16:40:03","guid":{"rendered":"https:\/\/portal.sma.gob.cl\/?p=18878"},"modified":"2023-09-07T15:31:51","modified_gmt":"2023-09-07T18:31:51","slug":"osorno-sma-realiza-talleres-de-asistencia-al-cumplimiento-y-avanza-en-fiscalizaciones-del-plan-de-descontaminacion","status":"publish","type":"post","link":"https:\/\/portal.sma.gob.cl\/index.php\/osorno-sma-realiza-talleres-de-asistencia-al-cumplimiento-y-avanza-en-fiscalizaciones-del-plan-de-descontaminacion\/","title":{"rendered":"Osorno: SMA realiza talleres de asistencia al cumplimiento y avanza en fiscalizaciones del Plan de Descontaminaci\u00f3n"},"content":{"rendered":"<p><strong>En el marco del Plan de Descontaminaci\u00f3n Atmosf\u00e9rica de la comuna de Osorno, la SMA ha desarrollado actividades de asistencia al cumplimiento para el sector industrial como para los administradores de edificios residenciales, dando a conocer las medidas que est\u00e1n siendo fiscalizadas este 2019.<\/strong><\/p>\n<p><strong>Osorno, 8 \u00a0julio de 2019.<\/strong>\u00a0La Superintendencia del Medio Ambiente (SMA) ha realizado dos talleres a sectores regulados con una asistencia de 25 personas aproximadamente, todas representantes del sector industrial en Osorno, as\u00ed como tambi\u00e9n ha dirigido sus esfuerzos a los administradores de edificios residenciales, los cuales manejan cerca de 30 edificios de la ciudad.<\/p>\n<p>Los talleres han tenido como foco presentar el rol de la SMA en el Plan de Descontaminaci\u00f3n de Osorno (PDAO), las fiscalizaciones realizadas durante los a\u00f1os 2017 y 2018,\u00a0 y las medidas que se fiscalizar\u00e1n este 2019, con especial \u00e9nfasis y detalle en el \u201cCap\u00edtulo IV\u201d del Plan referido al control de emisiones de fuentes industriales, residenciales (edificios) y comerciales y los l\u00edmites de emisi\u00f3n a la cual est\u00e1n afectos por el mencionado plan.<\/p>\n<p>Los talleres han estado a cargo de la Jefa de la Oficina Regional de la SMA, Ivonne Mansilla y de la Coordinadora de Planes de la Zona Sur de la SMA, Jeanette Caroca.<\/p>\n<p>As\u00ed mismo, me materia de fiscalizaci\u00f3n los funcionarios de la Oficina \u00a0regional han realizado ya 50 actividades de fiscalizaci\u00f3n de un total de 80 que se tienen programadas para este periodo, a las cuales tambi\u00e9n se sumarian las que realiza la SEREMI de Salud de manera subprogramada, por lo que se deber\u00e1 llegar a un total de 105 actividades.<\/p>\n<p>Cabe destacar que para este 2019, las medidas a fiscalizar por la Superintendencia del Medio Ambiente son:<\/p>\n<table class=\"table-1\">\n<tbody>\n<tr>\n<td width=\"56\"><strong>Plan<\/strong><\/td>\n<td width=\"76\"><strong>Art\u00edculo<\/strong><\/td>\n<td width=\"113\"><strong>Vigencia<\/strong><\/td>\n<td width=\"378\"><strong>Medida<\/strong><\/td>\n<\/tr>\n<tr>\n<td rowspan=\"7\" width=\"56\"><strong>Osorno<\/strong><\/td>\n<td width=\"76\">23\u00b0<\/td>\n<td width=\"113\">28-03-2016<\/td>\n<td width=\"378\">Prohibici\u00f3n de chimenea hogar abierto en establecimientos p\u00fablicos y privados.<\/td>\n<\/tr>\n<tr>\n<td width=\"76\">24\u00b0<\/td>\n<td width=\"113\">28-09-2017<\/td>\n<td width=\"378\">Prohibici\u00f3n uso de artefactos a le\u00f1a, en establecimientos comerciales.<\/td>\n<\/tr>\n<tr>\n<td width=\"76\">25\u00b0<\/td>\n<td width=\"113\">28-03-2018<\/td>\n<td width=\"378\">Prohibici\u00f3n uso de artefactos a le\u00f1a, en \u00f3rganos del estados y en los edificios municipales<\/td>\n<\/tr>\n<tr>\n<td width=\"76\">31 y 35<\/td>\n<td width=\"113\">01-01-2019 Tabla de Conversi\u00f3n<\/p>\n<p>01-03-2019<\/td>\n<td width=\"378\">Comercializaci\u00f3n de le\u00f1a seca, uso de xilohigr\u00f3metro, Tabla de conversi\u00f3n cal\u00f3rica e informaci\u00f3n al cliente.<\/td>\n<\/tr>\n<tr>\n<td width=\"76\"><strong>40, 41, 42 y 45<\/strong><\/td>\n<td width=\"113\"><strong>Fuentes Nuevas: 28-03-2017<\/strong><\/p>\n<p><strong>Fuentes Existentes: 28.03.2019<\/strong><\/td>\n<td width=\"378\"><strong>L\u00edmite de emisi\u00f3n de MP y SO2 y eficiencia, para calderas nuevas y existentes. Mediciones discretas.<\/strong><\/td>\n<\/tr>\n<tr>\n<td width=\"76\">44\u00b0<\/td>\n<td width=\"113\">Fuentes Nuevas: 28-03-2017<\/p>\n<p>Fuentes Existentes: 28.03.2019<\/td>\n<td width=\"378\">Instalaci\u00f3n de CEMS para calderas de potencia mayor o igual a 20 MWT.<\/td>\n<\/tr>\n<tr>\n<td width=\"76\">56\u00b0<\/td>\n<td width=\"113\">28-03-2016<\/td>\n<td width=\"378\">Compensaci\u00f3n de emisiones de MP para proyectos que generen sobre 1 ton\/a\u00f1o en cualquiera de sus etapas.<\/td>\n<\/tr>\n<\/tbody>\n<\/table>\n<p>&nbsp;<\/p>\n","protected":false},"excerpt":{"rendered":"<p>En el marco del Plan de Descontaminaci\u00f3n Atmosf\u00e9rica de la comuna de Osorno, la SMA ha desarrollado actividades de asistencia al cumplimiento para el sector industrial como para los administradores de edificios residenciales, dando a conocer las medidas que est\u00e1n siendo fiscalizadas este 2019. Osorno, 8 \u00a0julio de 2019.\u00a0La Superintendencia del Medio Ambiente (SMA) ha realizado <a href=\"https:\/\/portal.sma.gob.cl\/index.php\/osorno-sma-realiza-talleres-de-asistencia-al-cumplimiento-y-avanza-en-fiscalizaciones-del-plan-de-descontaminacion\/\">Leer m\u00e1s<\/a><\/p>\n","protected":false},"author":9,"featured_media":18879,"comment_status":"open","ping_status":"open","sticky":false,"template":"","format":"standard","meta":{"footnotes":""},"categories":[107],"tags":[],"class_list":["post-18878","post","type-post","status-publish","format-standard","has-post-thumbnail","hentry","category-destacado"],"_links":{"self":[{"href":"https:\/\/portal.sma.gob.cl\/index.php\/wp-json\/wp\/v2\/posts\/18878","targetHints":{"allow":["GET"]}}],"collection":[{"href":"https:\/\/portal.sma.gob.cl\/index.php\/wp-json\/wp\/v2\/posts"}],"about":[{"href":"https:\/\/portal.sma.gob.cl\/index.php\/wp-json\/wp\/v2\/types\/post"}],"author":[{"embeddable":true,"href":"https:\/\/portal.sma.gob.cl\/index.php\/wp-json\/wp\/v2\/users\/9"}],"replies":[{"embeddable":true,"href":"https:\/\/portal.sma.gob.cl\/index.php\/wp-json\/wp\/v2\/comments?post=18878"}],"version-history":[{"count":3,"href":"https:\/\/portal.sma.gob.cl\/index.php\/wp-json\/wp\/v2\/posts\/18878\/revisions"}],"predecessor-version":[{"id":18883,"href":"https:\/\/portal.sma.gob.cl\/index.php\/wp-json\/wp\/v2\/posts\/18878\/revisions\/18883"}],"wp:featuredmedia":[{"embeddable":true,"href":"https:\/\/portal.sma.gob.cl\/index.php\/wp-json\/wp\/v2\/media\/18879"}],"wp:attachment":[{"href":"https:\/\/portal.sma.gob.cl\/index.php\/wp-json\/wp\/v2\/media?parent=18878"}],"wp:term":[{"taxonomy":"category","embeddable":true,"href":"https:\/\/portal.sma.gob.cl\/index.php\/wp-json\/wp\/v2\/categories?post=18878"},{"taxonomy":"post_tag","embeddable":true,"href":"https:\/\/portal.sma.gob.cl\/index.php\/wp-json\/wp\/v2\/tags?post=18878"}],"curies":[{"name":"wp","href":"https:\/\/api.w.org\/{rel}","templated":true}]}}