{"id":18884,"date":"2019-08-01T09:57:55","date_gmt":"2019-08-01T13:57:55","guid":{"rendered":"https:\/\/portal.sma.gob.cl\/?p=18884"},"modified":"2019-08-01T09:57:55","modified_gmt":"2019-08-01T13:57:55","slug":"ciclo-de-talleres-de-sistema-de-validacion-de-equipos-de-monitoreo-sivem-2","status":"publish","type":"post","link":"https:\/\/portal.sma.gob.cl\/index.php\/ciclo-de-talleres-de-sistema-de-validacion-de-equipos-de-monitoreo-sivem-2\/","title":{"rendered":"Ciclo de Talleres de \u201cSistema de Validaci\u00f3n de Equipos de Monitoreo (SIVEM)\u201d"},"content":{"rendered":"<p><strong>Los talleres destinados a establecimientos que tienen la obligaci\u00f3n de instalar y validar sistemas de monitoreo continuo de emisiones CEMS, se realizaron en las ciudades de Santiago, Concepci\u00f3n y Antofagasta.<\/strong><\/p>\n<p><strong>Santiago 01 de agosto de 2019.<\/strong> En el marco de la entrada en vigencia del Sistema de Validaci\u00f3n de Equipos de Monitoreo \u201cSIVEM\u201d, la Superintendencia del Medio Ambiente (SMA) realiz\u00f3 un ciclo de talleres con el objetivo de presentar sus m\u00f3dulos a titulares de fuentes emisoras afectas a alguna Norma de Emisi\u00f3n, Planes de Prevenci\u00f3n y\/o Descontaminaci\u00f3n atmosf\u00e9rica del Ministerio del Medio Ambiente (MMA), Resoluciones de Calificaci\u00f3n Ambiental (RCA) o de cualquier otro instrumento de car\u00e1cter ambiental que disponga la obligaci\u00f3n de instalar un sistema de monitoreo continuo de emisiones (CEMS), as\u00ed como tambi\u00e9n para presentar la instrucci\u00f3n promulgada por esta Superintendencia bajo la Resoluci\u00f3n Exenta N\u00b0 968 del 05 de julio de 2019, que \u201cCrea Sistema de Validaci\u00f3n de Equipos de Monitoreo (SIVEM) y Dicta Instrucciones Generales para su Uso\u201d. Los encuentros se realizaron en las ciudades de Santiago, Concepci\u00f3n y Antofagasta, congregando a m\u00e1s de cien asistentes.<\/p>\n<p>Cabe recordar que la Resoluci\u00f3n Exenta N\u00b0 968 del 05 de julio de 2019 entra en vigencia para todos los titulares a contar del d\u00eda 1 de agosto de 2019, en donde el sistema SIVEM ser\u00e1 el \u00fanico medio de recepci\u00f3n de los Avisos de Ejecuci\u00f3n de ensayos de validaci\u00f3n (AEEV) de sistemas de monitoreo continuo de emisiones (CEMS) para los diferentes instrumentos de car\u00e1cter ambiental.<\/p>\n<p>Para acceder a m\u00e1s informaci\u00f3n del Ciclo de Talleres de \u201cSistema de Validaci\u00f3n de Equipos de Monitoreo (SIVEM)\u201d, descargar las presentaciones:<\/p>\n<div class='w3eden'><!-- WPDM Link Template: Call to Action 3 -->\n\n<div class=\"well c2a3\">\n    <div class=\"media\">\n        <div class=\"mr-3\" align=\"left\">\n            <img decoding=\"async\" class=\"wpdm_icon\" alt=\"\u00cdcono\" src=\"https:\/\/portal.sma.gob.cl\/wp-content\/plugins\/download-manager\/assets\/file-type-icons\/pdf.svg\" \/>\n        <\/div>\n        <div class=\"media-body\">\n            <h3 class=\"media-heading\" style=\"padding-top: 0px;border:0px;margin: 0 0 5px 0;font-size:12pt;\">\n                <a style=\"font-weight: 700\" href=\"https:\/\/portal.sma.gob.cl\/index.php\/download\/1-proceso-de-validacion-cems\/\">1. Proceso de Validacio\u0301n CEMS<\/a>\n                <span style=\"font-size:8pt;font-weight:300\" class=\"text-muted ml-4\">\n                    <i class=\"fas fa-hdd mr-1\"><\/i> 3.10 MB\n                    <i class=\"ml-3 far fa-arrow-alt-circle-down mr-1\"><\/i> 265 downloads\n                <\/span>\n            <\/h3>\n            ...\n        <\/div>\n        <div class=\"ml-3\" align=\"right\">\n            <a class='wpdm-download-link download-on-click btn btn-primary btn-sm' rel='nofollow' href='#' data-downloadurl=\"https:\/\/portal.sma.gob.cl\/index.php\/download\/1-proceso-de-validacion-cems\/?wpdmdl=18888&refresh=69ee66606e27b1777231456\">Descargar<\/a>\n        <\/div>\n    <\/div>\n\n<\/div>\n<style>\n    .well.c2a3 .btn {\n        padding: 11px 30px;\n        font-size: 11pt;\n    }\n\n    .well.c2a3 .media-body {\n        font-size: 11pt;\n    }\n\n    .well.c2a3 .wpdm_icon {\n        height: 42px;\n        width: auto;\n    }<\/style>\n<\/div>\n<div class='w3eden'><!-- WPDM Link Template: Call to Action 3 -->\n\n<div class=\"well c2a3\">\n    <div class=\"media\">\n        <div class=\"mr-3\" align=\"left\">\n            <img decoding=\"async\" class=\"wpdm_icon\" alt=\"\u00cdcono\" src=\"https:\/\/portal.sma.gob.cl\/wp-content\/plugins\/download-manager\/assets\/file-type-icons\/pdf.svg\" \/>\n        <\/div>\n        <div class=\"media-body\">\n            <h3 class=\"media-heading\" style=\"padding-top: 0px;border:0px;margin: 0 0 5px 0;font-size:12pt;\">\n                <a style=\"font-weight: 700\" href=\"https:\/\/portal.sma.gob.cl\/index.php\/download\/2-presentacion-sistema-sivem\/\">2. Presentacio\u0301n Sistema SIVEM<\/a>\n                <span style=\"font-size:8pt;font-weight:300\" class=\"text-muted ml-4\">\n                    <i class=\"fas fa-hdd mr-1\"><\/i> 6.77 MB\n                    <i class=\"ml-3 far fa-arrow-alt-circle-down mr-1\"><\/i> 146 downloads\n                <\/span>\n            <\/h3>\n            ...\n        <\/div>\n        <div class=\"ml-3\" align=\"right\">\n            <a class='wpdm-download-link download-on-click btn btn-primary btn-sm' rel='nofollow' href='#' data-downloadurl=\"https:\/\/portal.sma.gob.cl\/index.php\/download\/2-presentacion-sistema-sivem\/?wpdmdl=18889&refresh=69ee66608a4551777231456\">Descargar<\/a>\n        <\/div>\n    <\/div>\n\n<\/div>\n<style>\n    .well.c2a3 .btn {\n        padding: 11px 30px;\n        font-size: 11pt;\n    }\n\n    .well.c2a3 .media-body {\n        font-size: 11pt;\n    }\n\n    .well.c2a3 .wpdm_icon {\n        height: 42px;\n        width: auto;\n    }<\/style>\n<\/div>\n","protected":false},"excerpt":{"rendered":"<p>Los talleres destinados a establecimientos que tienen la obligaci\u00f3n de instalar y validar sistemas de monitoreo continuo de emisiones CEMS, se realizaron en las ciudades de Santiago, Concepci\u00f3n y Antofagasta. Santiago 01 de agosto de 2019. En el marco de la entrada en vigencia del Sistema de Validaci\u00f3n de Equipos de Monitoreo \u201cSIVEM\u201d, la Superintendencia del <a href=\"https:\/\/portal.sma.gob.cl\/index.php\/ciclo-de-talleres-de-sistema-de-validacion-de-equipos-de-monitoreo-sivem-2\/\">Leer m\u00e1s<\/a><\/p>\n","protected":false},"author":3,"featured_media":18885,"comment_status":"open","ping_status":"open","sticky":false,"template":"","format":"standard","meta":{"footnotes":""},"categories":[107,94],"tags":[],"class_list":["post-18884","post","type-post","status-publish","format-standard","has-post-thumbnail","hentry","category-destacado","category-notas-noticias"],"_links":{"self":[{"href":"https:\/\/portal.sma.gob.cl\/index.php\/wp-json\/wp\/v2\/posts\/18884","targetHints":{"allow":["GET"]}}],"collection":[{"href":"https:\/\/portal.sma.gob.cl\/index.php\/wp-json\/wp\/v2\/posts"}],"about":[{"href":"https:\/\/portal.sma.gob.cl\/index.php\/wp-json\/wp\/v2\/types\/post"}],"author":[{"embeddable":true,"href":"https:\/\/portal.sma.gob.cl\/index.php\/wp-json\/wp\/v2\/users\/3"}],"replies":[{"embeddable":true,"href":"https:\/\/portal.sma.gob.cl\/index.php\/wp-json\/wp\/v2\/comments?post=18884"}],"version-history":[{"count":3,"href":"https:\/\/portal.sma.gob.cl\/index.php\/wp-json\/wp\/v2\/posts\/18884\/revisions"}],"predecessor-version":[{"id":18890,"href":"https:\/\/portal.sma.gob.cl\/index.php\/wp-json\/wp\/v2\/posts\/18884\/revisions\/18890"}],"wp:featuredmedia":[{"embeddable":true,"href":"https:\/\/portal.sma.gob.cl\/index.php\/wp-json\/wp\/v2\/media\/18885"}],"wp:attachment":[{"href":"https:\/\/portal.sma.gob.cl\/index.php\/wp-json\/wp\/v2\/media?parent=18884"}],"wp:term":[{"taxonomy":"category","embeddable":true,"href":"https:\/\/portal.sma.gob.cl\/index.php\/wp-json\/wp\/v2\/categories?post=18884"},{"taxonomy":"post_tag","embeddable":true,"href":"https:\/\/portal.sma.gob.cl\/index.php\/wp-json\/wp\/v2\/tags?post=18884"}],"curies":[{"name":"wp","href":"https:\/\/api.w.org\/{rel}","templated":true}]}}