{"id":18894,"date":"2019-08-02T10:29:34","date_gmt":"2019-08-02T14:29:34","guid":{"rendered":"https:\/\/portal.sma.gob.cl\/?p=18894"},"modified":"2019-08-02T10:36:27","modified_gmt":"2019-08-02T14:36:27","slug":"region-metropolitana-oficina-regional-realiza-taller-de-coordinacion-con-sea-respecto-de-rellenos-sanitarios","status":"publish","type":"post","link":"https:\/\/portal.sma.gob.cl\/index.php\/region-metropolitana-oficina-regional-realiza-taller-de-coordinacion-con-sea-respecto-de-rellenos-sanitarios\/","title":{"rendered":"Regi\u00f3n Metropolitana: Oficina regional realiza taller de coordinaci\u00f3n con SEA respecto de rellenos sanitarios"},"content":{"rendered":"<p><strong>La instancia cont\u00f3 con la presencia del Seremi de Medio Ambiende, Diego Riveaux, y busc\u00f3 compartir con los evaluadores de proyectos del Servicio de Evaluaci\u00f3n Ambiental la experiencia que ha acumulado la SMA en estos a\u00f1os a cargo de la fiscalizaci\u00f3n de este tipo de proyectos.<\/strong><\/p>\n<p><strong>Santiago, 01 de agosto de 2019<\/strong>. La Oficina Regional Metropolitana de la SMA, encabezada por Mar\u00eda Isabel Mallea, convoc\u00f3 a su par del Servicio de Evaluaci\u00f3n Ambiental (SEA) para realizar el d\u00eda martes 30 de julio, un taller de coordinaci\u00f3n respecto a los aspectos ambientales m\u00e1s relevantes a la hora de fiscalizar rellenos sanitarios en la RM.<\/p>\n<p>La actividad cont\u00f3 con la presencia del Seremi de Medio Ambiente, Diego Riveaux, y de la Directora Regional Metropolitana del SEA, Andelka Vrsalovic, y busc\u00f3 compartir la experiencia que ha acumulado la SMA en estos seis a\u00f1os de fiscalizaciones y sanciones a los rellenos que cuentan con m\u00faltiples Resoluciones de Calificaci\u00f3n Ambiental (RCA), instrumento que es otorgado por el SEA, pero fiscalizado por la SMA.<\/p>\n<p>El taller cont\u00f3 con la exposici\u00f3n de Esteban Dattwyler, profesional de la Regi\u00f3n Metropolitana y encargado de la fiscalizaci\u00f3n ambiental estrat\u00e9gica de rellenos sanitarios. En ella comparti\u00f3 experiencias para la coordinaci\u00f3n de la fiscalizaci\u00f3n entre la SMA y la Seremi de Salud, autoridad que est\u00e1 a cargo del C\u00f3digo Sanitario que tambi\u00e9n regula a dichos recintos de disposici\u00f3n de residuos. A la vez, realiz\u00f3 un zoom respecto de las fiscalizaciones realizadas a los rellenos, explicando las dificultades que en ocasiones se encuentran a prop\u00f3sito de compromisos que quedan establecidos en las RCA de forma no tan clara, a la hora de exigir su cumplimiento.<\/p>\n<p>\u201cEste taller busca compartir experiencias, desde el punto de vista de los evaluadores y de los fiscalizadores, ya que la coordinaci\u00f3n permitir\u00e1 realizar mejores evaluaciones y a la vez, mejorar los procesos de fiscalizaci\u00f3n al tener instrumentos claros, precisos y que nos permitan exigir a los titulares de proyectos el debido cumplimiento ambiental\u201d, asegur\u00f3 Mar\u00eda Isabel Mallea, jefa de la Oficina RM de la SMA, al t\u00e9rmino de la jornada.<\/p>\n","protected":false},"excerpt":{"rendered":"<p>La instancia cont\u00f3 con la presencia del Seremi de Medio Ambiende, Diego Riveaux, y busc\u00f3 compartir con los evaluadores de proyectos del Servicio de Evaluaci\u00f3n Ambiental la experiencia que ha acumulado la SMA en estos a\u00f1os a cargo de la fiscalizaci\u00f3n de este tipo de proyectos. Santiago, 01 de agosto de 2019. La Oficina Regional Metropolitana <a href=\"https:\/\/portal.sma.gob.cl\/index.php\/region-metropolitana-oficina-regional-realiza-taller-de-coordinacion-con-sea-respecto-de-rellenos-sanitarios\/\">Leer m\u00e1s<\/a><\/p>\n","protected":false},"author":9,"featured_media":18896,"comment_status":"open","ping_status":"open","sticky":false,"template":"","format":"standard","meta":{"footnotes":""},"categories":[107,94],"tags":[],"class_list":["post-18894","post","type-post","status-publish","format-standard","has-post-thumbnail","hentry","category-destacado","category-notas-noticias"],"_links":{"self":[{"href":"https:\/\/portal.sma.gob.cl\/index.php\/wp-json\/wp\/v2\/posts\/18894","targetHints":{"allow":["GET"]}}],"collection":[{"href":"https:\/\/portal.sma.gob.cl\/index.php\/wp-json\/wp\/v2\/posts"}],"about":[{"href":"https:\/\/portal.sma.gob.cl\/index.php\/wp-json\/wp\/v2\/types\/post"}],"author":[{"embeddable":true,"href":"https:\/\/portal.sma.gob.cl\/index.php\/wp-json\/wp\/v2\/users\/9"}],"replies":[{"embeddable":true,"href":"https:\/\/portal.sma.gob.cl\/index.php\/wp-json\/wp\/v2\/comments?post=18894"}],"version-history":[{"count":2,"href":"https:\/\/portal.sma.gob.cl\/index.php\/wp-json\/wp\/v2\/posts\/18894\/revisions"}],"predecessor-version":[{"id":18897,"href":"https:\/\/portal.sma.gob.cl\/index.php\/wp-json\/wp\/v2\/posts\/18894\/revisions\/18897"}],"wp:featuredmedia":[{"embeddable":true,"href":"https:\/\/portal.sma.gob.cl\/index.php\/wp-json\/wp\/v2\/media\/18896"}],"wp:attachment":[{"href":"https:\/\/portal.sma.gob.cl\/index.php\/wp-json\/wp\/v2\/media?parent=18894"}],"wp:term":[{"taxonomy":"category","embeddable":true,"href":"https:\/\/portal.sma.gob.cl\/index.php\/wp-json\/wp\/v2\/categories?post=18894"},{"taxonomy":"post_tag","embeddable":true,"href":"https:\/\/portal.sma.gob.cl\/index.php\/wp-json\/wp\/v2\/tags?post=18894"}],"curies":[{"name":"wp","href":"https:\/\/api.w.org\/{rel}","templated":true}]}}