{"id":18919,"date":"2019-08-12T09:33:11","date_gmt":"2019-08-12T13:33:11","guid":{"rendered":"https:\/\/portal.sma.gob.cl\/?p=18919"},"modified":"2019-08-12T09:33:11","modified_gmt":"2019-08-12T13:33:11","slug":"sma-fiscaliza-vertederos-en-provincia-de-llanquihue-y-osorno","status":"publish","type":"post","link":"https:\/\/portal.sma.gob.cl\/index.php\/sma-fiscaliza-vertederos-en-provincia-de-llanquihue-y-osorno\/","title":{"rendered":"SMA fiscaliza vertederos en Provincia de Llanquihue y Osorno"},"content":{"rendered":"<p><strong>Durante la semana pasada, la SMA realiz\u00f3 actividades de fiscalizaci\u00f3n en 2 vertederos industriales, y 1 vertedero municipal, con el fin de atender las denuncias ciudadanas y verificar el cumplimiento de estas instalaciones.<\/strong><\/p>\n<p><strong>Puerto Montt, 12 de agosto de 2019.<\/strong> La Superintendencia del Medio Ambiente (SMA) inspeccion\u00f3 los vertederos industriales y municipal, esto es el \u201c<strong>Vertedero El empalme REXIN Ltda<\/strong>\u201d de la empresa REXIN S.A., el relleno \u201c<strong>Ecoprial<\/strong>\u201d de la empresa Asesor\u00eda Los Olivos S.A., y el \u201c<strong>Vertedero Osorno<\/strong>\u201d de la Ilustre Municipalidad de Osorno, todos los cuales poseen Resoluciones de Calificaci\u00f3n Ambiental (RCA).<\/p>\n<p>En la inspecci\u00f3n desarrollada al \u201cVertedero El Empalme\u201d de la comuna de Maullin, las fiscalizaciones se realizaron en dos oportunidades, el d\u00eda 12 de junio y el d\u00eda 7 de agosto del presente a\u00f1o, siendo las materias objeto de fiscalizaci\u00f3n, la operaci\u00f3n del vertedero y el manejo de los l\u00edquidos lixiviados.<\/p>\n<p>En el caso del Relleno \u201cEcoprial\u201d, ubicado en Osorno, la inspecci\u00f3n se desarroll\u00f3 el d\u00eda 8 de agosto del presente a\u00f1o y se focaliz\u00f3 en materias propias de la operaci\u00f3n del relleno y en las fuentes de generaci\u00f3n de olores.<\/p>\n<p>Finalmente, se fiscaliz\u00f3 el d\u00eda 8 de agosto el \u201cVertedero Osorno\u201d de la Municipalidad de Osorno, el cual se encuentra ejecutando un Programa de Cumplimiento (PdC). Aqu\u00ed se debe recordar que este Programa se encuentra inserto dentro del procedimiento sancionatorio F-036-2018, el cual formul\u00f3 cargos contra el Municipio, por incumplimientos de las condiciones, normas y medidas establecidas en su resoluci\u00f3n de calificaci\u00f3n ambiental, cuyo objetivo principal es el Plan de cierre del citado vertedero.<\/p>\n<p>Posterior a estas fiscalizaciones, la SMA elaborar\u00e1 los informes de fiscalizaci\u00f3n correspondientes a cada inspecci\u00f3n, de manera de analizar y verificar el cumplimiento ambiental de estas instalaciones de tratamiento y disposici\u00f3n final de residuos s\u00f3lidos industriales y domiciliarios.<\/p>\n","protected":false},"excerpt":{"rendered":"<p>Durante la semana pasada, la SMA realiz\u00f3 actividades de fiscalizaci\u00f3n en 2 vertederos industriales, y 1 vertedero municipal, con el fin de atender las denuncias ciudadanas y verificar el cumplimiento de estas instalaciones. Puerto Montt, 12 de agosto de 2019. La Superintendencia del Medio Ambiente (SMA) inspeccion\u00f3 los vertederos industriales y municipal, esto es el \u201cVertedero <a href=\"https:\/\/portal.sma.gob.cl\/index.php\/sma-fiscaliza-vertederos-en-provincia-de-llanquihue-y-osorno\/\">Leer m\u00e1s<\/a><\/p>\n","protected":false},"author":8,"featured_media":18921,"comment_status":"open","ping_status":"open","sticky":false,"template":"","format":"standard","meta":{"footnotes":""},"categories":[107,94],"tags":[],"class_list":["post-18919","post","type-post","status-publish","format-standard","has-post-thumbnail","hentry","category-destacado","category-notas-noticias"],"_links":{"self":[{"href":"https:\/\/portal.sma.gob.cl\/index.php\/wp-json\/wp\/v2\/posts\/18919","targetHints":{"allow":["GET"]}}],"collection":[{"href":"https:\/\/portal.sma.gob.cl\/index.php\/wp-json\/wp\/v2\/posts"}],"about":[{"href":"https:\/\/portal.sma.gob.cl\/index.php\/wp-json\/wp\/v2\/types\/post"}],"author":[{"embeddable":true,"href":"https:\/\/portal.sma.gob.cl\/index.php\/wp-json\/wp\/v2\/users\/8"}],"replies":[{"embeddable":true,"href":"https:\/\/portal.sma.gob.cl\/index.php\/wp-json\/wp\/v2\/comments?post=18919"}],"version-history":[{"count":1,"href":"https:\/\/portal.sma.gob.cl\/index.php\/wp-json\/wp\/v2\/posts\/18919\/revisions"}],"predecessor-version":[{"id":18920,"href":"https:\/\/portal.sma.gob.cl\/index.php\/wp-json\/wp\/v2\/posts\/18919\/revisions\/18920"}],"wp:featuredmedia":[{"embeddable":true,"href":"https:\/\/portal.sma.gob.cl\/index.php\/wp-json\/wp\/v2\/media\/18921"}],"wp:attachment":[{"href":"https:\/\/portal.sma.gob.cl\/index.php\/wp-json\/wp\/v2\/media?parent=18919"}],"wp:term":[{"taxonomy":"category","embeddable":true,"href":"https:\/\/portal.sma.gob.cl\/index.php\/wp-json\/wp\/v2\/categories?post=18919"},{"taxonomy":"post_tag","embeddable":true,"href":"https:\/\/portal.sma.gob.cl\/index.php\/wp-json\/wp\/v2\/tags?post=18919"}],"curies":[{"name":"wp","href":"https:\/\/api.w.org\/{rel}","templated":true}]}}