{"id":18970,"date":"2019-08-26T16:10:39","date_gmt":"2019-08-26T20:10:39","guid":{"rendered":"https:\/\/portal.sma.gob.cl\/?p=18970"},"modified":"2019-08-26T16:22:47","modified_gmt":"2019-08-26T20:22:47","slug":"tribunal-constitucional-confirma-actuar-de-la-sma-en-proceso-sancionatorio-contra-plantel-de-cerdos-santa-josefina","status":"publish","type":"post","link":"https:\/\/portal.sma.gob.cl\/index.php\/tribunal-constitucional-confirma-actuar-de-la-sma-en-proceso-sancionatorio-contra-plantel-de-cerdos-santa-josefina\/","title":{"rendered":"Tribunal Constitucional confirma actuar de la SMA en proceso sancionatorio contra plantel de cerdos Santa Josefina"},"content":{"rendered":"<p><strong>La instancia declar\u00f3 inadmisible el requerimiento de Agr\u00edcola y Frut\u00edcola Veneto Limitada en contra de la Superintendencia del Medio Ambiente.<\/strong><\/p>\n<p><strong>Santiago, 26 de agosto de 2019. <\/strong>Hoy el Tribunal Constitucional ha notificado a la Superintendencia del Medio Ambiente (SMA) respecto de la resoluci\u00f3n que declar\u00f3 inadmisible el requerimiento de inaplicabilidad por inconstitucionalidad promovido por Agr\u00edcola y Frut\u00edcola Veneto Limitada.<\/p>\n<p>Dicho Tribunal, atendido lo dispuesto en el fallo del Tercer Tribunal Ambiental y lo informado por esta SMA, concluye que en el presente caso, se configura una de las causales de inadmisibilidad del requerimiento, alegada por este servicio en su informe: el precepto que se busca impugnar (art\u00edculo 64 de la Ley N\u00b0 19.300) no es aplicable a la gesti\u00f3n pendiente, ni resulta decisivo en la misma.<\/p>\n<p>As\u00ed, reafirma lo resuelto por el Tercer Tribunal Ambiental, indicando que la sanci\u00f3n de clausura se encuentra firme, por lo que mal puede aplicar a la discusi\u00f3n, un art\u00edculo referido especialmente a las facultades fiscalizadoras de este servicio.<\/p>\n<p>\u201cCabe destacar que este es uno m\u00e1s de los intentos del titular de la empresa por demorar el cierre del plantel de cerdos Santa Josefina. La SMA ha defendido en todas las instancias judiciales sus resoluciones, obteniendo siempre el respaldo de los Tribunales. Al respecto, se proceder\u00e1 al cierre de dicho plantel, y comunicaremos oportunamente las medidas que se vayan adoptando\u201d, afirm\u00f3 Emanuel Ibarra, Fiscal (S) de la Superintendencia del Medio Ambiente.<\/p>\n","protected":false},"excerpt":{"rendered":"<p>La instancia declar\u00f3 inadmisible el requerimiento de Agr\u00edcola y Frut\u00edcola Veneto Limitada en contra de la Superintendencia del Medio Ambiente. Santiago, 26 de agosto de 2019. Hoy el Tribunal Constitucional ha notificado a la Superintendencia del Medio Ambiente (SMA) respecto de la resoluci\u00f3n que declar\u00f3 inadmisible el requerimiento de inaplicabilidad por inconstitucionalidad promovido por Agr\u00edcola y <a href=\"https:\/\/portal.sma.gob.cl\/index.php\/tribunal-constitucional-confirma-actuar-de-la-sma-en-proceso-sancionatorio-contra-plantel-de-cerdos-santa-josefina\/\">Leer m\u00e1s<\/a><\/p>\n","protected":false},"author":9,"featured_media":18971,"comment_status":"open","ping_status":"open","sticky":false,"template":"","format":"standard","meta":{"footnotes":""},"categories":[90,107],"tags":[159,160,158,110],"class_list":["post-18970","post","type-post","status-publish","format-standard","has-post-thumbnail","hentry","category-comunicados-noticias","category-destacado","tag-cerdos","tag-coihueco","tag-santa-josefina","tag-sma"],"_links":{"self":[{"href":"https:\/\/portal.sma.gob.cl\/index.php\/wp-json\/wp\/v2\/posts\/18970","targetHints":{"allow":["GET"]}}],"collection":[{"href":"https:\/\/portal.sma.gob.cl\/index.php\/wp-json\/wp\/v2\/posts"}],"about":[{"href":"https:\/\/portal.sma.gob.cl\/index.php\/wp-json\/wp\/v2\/types\/post"}],"author":[{"embeddable":true,"href":"https:\/\/portal.sma.gob.cl\/index.php\/wp-json\/wp\/v2\/users\/9"}],"replies":[{"embeddable":true,"href":"https:\/\/portal.sma.gob.cl\/index.php\/wp-json\/wp\/v2\/comments?post=18970"}],"version-history":[{"count":1,"href":"https:\/\/portal.sma.gob.cl\/index.php\/wp-json\/wp\/v2\/posts\/18970\/revisions"}],"predecessor-version":[{"id":18972,"href":"https:\/\/portal.sma.gob.cl\/index.php\/wp-json\/wp\/v2\/posts\/18970\/revisions\/18972"}],"wp:featuredmedia":[{"embeddable":true,"href":"https:\/\/portal.sma.gob.cl\/index.php\/wp-json\/wp\/v2\/media\/18971"}],"wp:attachment":[{"href":"https:\/\/portal.sma.gob.cl\/index.php\/wp-json\/wp\/v2\/media?parent=18970"}],"wp:term":[{"taxonomy":"category","embeddable":true,"href":"https:\/\/portal.sma.gob.cl\/index.php\/wp-json\/wp\/v2\/categories?post=18970"},{"taxonomy":"post_tag","embeddable":true,"href":"https:\/\/portal.sma.gob.cl\/index.php\/wp-json\/wp\/v2\/tags?post=18970"}],"curies":[{"name":"wp","href":"https:\/\/api.w.org\/{rel}","templated":true}]}}