{"id":18973,"date":"2019-08-27T09:00:41","date_gmt":"2019-08-27T13:00:41","guid":{"rendered":"https:\/\/portal.sma.gob.cl\/?p=18973"},"modified":"2019-08-27T09:03:35","modified_gmt":"2019-08-27T13:03:35","slug":"la-serena-sma-realiza-taller-de-norma-luminica","status":"publish","type":"post","link":"https:\/\/portal.sma.gob.cl\/index.php\/la-serena-sma-realiza-taller-de-norma-luminica\/","title":{"rendered":"La Serena: SMA realiza taller de norma lum\u00ednica"},"content":{"rendered":"<p><strong>La actividad cont\u00f3 con m\u00e1s de 55 profesionales de diversos sectores, como miner\u00eda, energ\u00eda, construcci\u00f3n, saneamiento, entre otros.<\/strong><\/p>\n<p><strong>La Serena, 22 de agosto de 2019.<\/strong> La Oficina Regional de Coquimbo de la SMA organiz\u00f3 un exitoso taller sobre Norma Lum\u00ednica, normativa que busca preservar la oscuridad de los cielos nocturnos para la observaci\u00f3n astron\u00f3mica entre las regiones de Antofagasta y Coquimbo.<\/p>\n<p>En la actividad participaron 55 profesionales representantes de diferentes sectores afectos a cumplir la normativa, tales como miner\u00eda, construcci\u00f3n, ingenier\u00edas, el\u00e9ctricas, saneamiento, como as\u00ed tambi\u00e9n profesionales de municipalidades y servicios p\u00fablicos de la zona.<\/p>\n<p>El taller cont\u00f3 con la exposici\u00f3n de Felipe Loaiza, profesional del Ministerio del Medio Ambiente, quien dio una introducci\u00f3n a la normativa y explic\u00f3 c\u00f3mo se cre\u00f3 \u00e9sta y qu\u00e9 objetivos persigue. Por parte de la SMA, Mat\u00edas Tapia explic\u00f3 c\u00f3mo se realiza la fiscalizaci\u00f3n en terreno, mostrando algunos ejemplos de los principales hallazgos encontrados en las recientes fiscalizaciones realizadas en la zona.<\/p>\n<p>Por su parte, Pedro Sanhueza, de la Oficina para la Protecci\u00f3n de los Cielos del Norte de Chile, coment\u00f3 la importancia de contar con esta normativa y su fiscalizaci\u00f3n, ya que las condiciones privilegiadas para la observaci\u00f3n astron\u00f3mica de la zona norte de Chile se ven cada vez m\u00e1s en riesgo, debido al crecimiento urbano de las ciudades cercanas a los observatorios, siendo la principal fuente emisora de contaminaci\u00f3n lum\u00ednica el alumbrado p\u00fablico y publicitario.<\/p>\n<p>\u201cPara esta oficina regional, la fiscalizaci\u00f3n de la norma lum\u00ednica es muy importante. Asimismo, difundir la normativa y explicar a las empresas c\u00f3mo cumplir, lo cual se realiza en este tipo de charlas. Estamos muy contentos con la participaci\u00f3n, ya que nos permite llegar hacia todos quienes tienen obligaciones para cumplir con la normativa\u201d, afirm\u00f3 Jes\u00fas Mart\u00ednez, jefe de la Oficina Regional de Coquimbo de la SMA.<\/p>\n","protected":false},"excerpt":{"rendered":"<p>La actividad cont\u00f3 con m\u00e1s de 55 profesionales de diversos sectores, como miner\u00eda, energ\u00eda, construcci\u00f3n, saneamiento, entre otros. La Serena, 22 de agosto de 2019. La Oficina Regional de Coquimbo de la SMA organiz\u00f3 un exitoso taller sobre Norma Lum\u00ednica, normativa que busca preservar la oscuridad de los cielos nocturnos para la observaci\u00f3n astron\u00f3mica entre las <a href=\"https:\/\/portal.sma.gob.cl\/index.php\/la-serena-sma-realiza-taller-de-norma-luminica\/\">Leer m\u00e1s<\/a><\/p>\n","protected":false},"author":9,"featured_media":18974,"comment_status":"open","ping_status":"open","sticky":false,"template":"","format":"standard","meta":{"footnotes":""},"categories":[107,94],"tags":[],"class_list":["post-18973","post","type-post","status-publish","format-standard","has-post-thumbnail","hentry","category-destacado","category-notas-noticias"],"_links":{"self":[{"href":"https:\/\/portal.sma.gob.cl\/index.php\/wp-json\/wp\/v2\/posts\/18973","targetHints":{"allow":["GET"]}}],"collection":[{"href":"https:\/\/portal.sma.gob.cl\/index.php\/wp-json\/wp\/v2\/posts"}],"about":[{"href":"https:\/\/portal.sma.gob.cl\/index.php\/wp-json\/wp\/v2\/types\/post"}],"author":[{"embeddable":true,"href":"https:\/\/portal.sma.gob.cl\/index.php\/wp-json\/wp\/v2\/users\/9"}],"replies":[{"embeddable":true,"href":"https:\/\/portal.sma.gob.cl\/index.php\/wp-json\/wp\/v2\/comments?post=18973"}],"version-history":[{"count":1,"href":"https:\/\/portal.sma.gob.cl\/index.php\/wp-json\/wp\/v2\/posts\/18973\/revisions"}],"predecessor-version":[{"id":18975,"href":"https:\/\/portal.sma.gob.cl\/index.php\/wp-json\/wp\/v2\/posts\/18973\/revisions\/18975"}],"wp:featuredmedia":[{"embeddable":true,"href":"https:\/\/portal.sma.gob.cl\/index.php\/wp-json\/wp\/v2\/media\/18974"}],"wp:attachment":[{"href":"https:\/\/portal.sma.gob.cl\/index.php\/wp-json\/wp\/v2\/media?parent=18973"}],"wp:term":[{"taxonomy":"category","embeddable":true,"href":"https:\/\/portal.sma.gob.cl\/index.php\/wp-json\/wp\/v2\/categories?post=18973"},{"taxonomy":"post_tag","embeddable":true,"href":"https:\/\/portal.sma.gob.cl\/index.php\/wp-json\/wp\/v2\/tags?post=18973"}],"curies":[{"name":"wp","href":"https:\/\/api.w.org\/{rel}","templated":true}]}}