{"id":18992,"date":"2019-08-28T15:11:38","date_gmt":"2019-08-28T19:11:38","guid":{"rendered":"https:\/\/portal.sma.gob.cl\/?p=18992"},"modified":"2019-08-28T15:11:38","modified_gmt":"2019-08-28T19:11:38","slug":"sma-finaliza-programa-de-pasantia-2019-con-el-centro-de-derecho-ambiental-de-la-universidad-de-chile","status":"publish","type":"post","link":"https:\/\/portal.sma.gob.cl\/index.php\/sma-finaliza-programa-de-pasantia-2019-con-el-centro-de-derecho-ambiental-de-la-universidad-de-chile\/","title":{"rendered":"SMA finaliza programa de pasant\u00eda 2019 con el Centro de Derecho Ambiental de la Universidad de Chile"},"content":{"rendered":"<p><strong>Luego de tres meses, los cinco alumnos seleccionados del CDA, concluyeron su programa de pasant\u00edas el cual estuvo orientado a apoyar a diversas \u00e1reas de la Fiscal\u00eda de la SMA<\/strong><\/p>\n<p><strong>Santiago, 28 de agosto de 2019.<\/strong> La Superintendencia del Medio Ambiente (SMA), junto al Centro de Derecho Ambiental (CDA) de la Universidad de Chile, concluyeron el programa de pasant\u00eda 2019, por medio del cual, cinco alumnos de la referida Casa de Estudios llegaron a la Fiscal\u00eda de la SMA, con el fin de aprender y apoyar en diversas \u00e1reas, especialmente en lo que dice relaci\u00f3n con archivos de denuncias, tramitaciones de casos de elusi\u00f3n, \u00e1rea de derecho administrativo y equipo judicial.<\/p>\n<p>La pasant\u00eda se enmarca en un convenio firmado por la Universidad de Chile y la SMA, y que tiene como finalidad acercar la gesti\u00f3n p\u00fablica ambiental a estudiantes que han demostrado inter\u00e9s en el \u00e1rea. Los alumnos participantes fueron seleccionados en un proceso llevado adelante por el CDA, luego de una convocatoria desarrollada en dicha universidad.<\/p>\n<p>&#8220;Considerando los resultados obtenidos, se pretende organizar nuevas versiones del programa de pasant\u00eda con el CDA, as\u00ed como con otras universidades, entre ellas, la Universidad Central con quien recientemente hemos firmado un convenio. Lo anterior, con el prop\u00f3sito de que nuevos estudiantes puedan llegar a conocer el quehacer de la Superintendencia del Medio Ambiente, y a aportar con su trabajo y nuevas ideas, teniendo presente la importancia del v\u00ednculo que debe existir entre el ejercicio de la funci\u00f3n p\u00fablica y la actividad acad\u00e9mica&#8221;, afirm\u00f3 Rub\u00e9n Verdugo, Superintendente del Medio Ambiente (S).<\/p>\n","protected":false},"excerpt":{"rendered":"<p>Luego de tres meses, los cinco alumnos seleccionados del CDA, concluyeron su programa de pasant\u00edas el cual estuvo orientado a apoyar a diversas \u00e1reas de la Fiscal\u00eda de la SMA Santiago, 28 de agosto de 2019. La Superintendencia del Medio Ambiente (SMA), junto al Centro de Derecho Ambiental (CDA) de la Universidad de Chile, concluyeron el <a href=\"https:\/\/portal.sma.gob.cl\/index.php\/sma-finaliza-programa-de-pasantia-2019-con-el-centro-de-derecho-ambiental-de-la-universidad-de-chile\/\">Leer m\u00e1s<\/a><\/p>\n","protected":false},"author":8,"featured_media":18994,"comment_status":"open","ping_status":"open","sticky":false,"template":"","format":"standard","meta":{"footnotes":""},"categories":[107,94],"tags":[],"class_list":["post-18992","post","type-post","status-publish","format-standard","has-post-thumbnail","hentry","category-destacado","category-notas-noticias"],"_links":{"self":[{"href":"https:\/\/portal.sma.gob.cl\/index.php\/wp-json\/wp\/v2\/posts\/18992","targetHints":{"allow":["GET"]}}],"collection":[{"href":"https:\/\/portal.sma.gob.cl\/index.php\/wp-json\/wp\/v2\/posts"}],"about":[{"href":"https:\/\/portal.sma.gob.cl\/index.php\/wp-json\/wp\/v2\/types\/post"}],"author":[{"embeddable":true,"href":"https:\/\/portal.sma.gob.cl\/index.php\/wp-json\/wp\/v2\/users\/8"}],"replies":[{"embeddable":true,"href":"https:\/\/portal.sma.gob.cl\/index.php\/wp-json\/wp\/v2\/comments?post=18992"}],"version-history":[{"count":1,"href":"https:\/\/portal.sma.gob.cl\/index.php\/wp-json\/wp\/v2\/posts\/18992\/revisions"}],"predecessor-version":[{"id":18993,"href":"https:\/\/portal.sma.gob.cl\/index.php\/wp-json\/wp\/v2\/posts\/18992\/revisions\/18993"}],"wp:featuredmedia":[{"embeddable":true,"href":"https:\/\/portal.sma.gob.cl\/index.php\/wp-json\/wp\/v2\/media\/18994"}],"wp:attachment":[{"href":"https:\/\/portal.sma.gob.cl\/index.php\/wp-json\/wp\/v2\/media?parent=18992"}],"wp:term":[{"taxonomy":"category","embeddable":true,"href":"https:\/\/portal.sma.gob.cl\/index.php\/wp-json\/wp\/v2\/categories?post=18992"},{"taxonomy":"post_tag","embeddable":true,"href":"https:\/\/portal.sma.gob.cl\/index.php\/wp-json\/wp\/v2\/tags?post=18992"}],"curies":[{"name":"wp","href":"https:\/\/api.w.org\/{rel}","templated":true}]}}