{"id":18999,"date":"2019-09-03T09:23:58","date_gmt":"2019-09-03T13:23:58","guid":{"rendered":"https:\/\/portal.sma.gob.cl\/?p=18999"},"modified":"2019-09-03T09:40:38","modified_gmt":"2019-09-03T13:40:38","slug":"sma-inicia-proceso-de-cierre-progresivo-del-plantel-de-cerdos-santa-josefina","status":"publish","type":"post","link":"https:\/\/portal.sma.gob.cl\/index.php\/sma-inicia-proceso-de-cierre-progresivo-del-plantel-de-cerdos-santa-josefina\/","title":{"rendered":"SMA inicia proceso de cierre progresivo del plantel de cerdos Santa Josefina"},"content":{"rendered":"<ul>\n<li><strong>Luego del fallo del Tribunal Constitucional y de que el plantel presentara un programa de cierre voluntario, la SMA aprob\u00f3 la propuesta con una serie de correcciones de oficio, la cual deber\u00e1 cumplirse estrictamente. Si esto no ocurre se proceder\u00e1 al cierre con auxilio de la fuerza p\u00fablica.<\/strong><\/li>\n<li><strong>A partir de abril de 2020 no deber\u00e1 quedar ning\u00fan cerdo en la instalaci\u00f3n. <\/strong><\/li>\n<\/ul>\n<p><strong>Chill\u00e1n, 3 de septiembre de 2019. <\/strong>La Oficina Regional del \u00d1uble de la Superintendencia del Medio Ambiente (SMA) procedi\u00f3 a notificar ayer, lunes 2 de septiembre la resoluci\u00f3n 1261 de 2019 a la empresa Agr\u00edcola Veneto, en la cual se aprueba el Programa de Despoblamiento Progresivo voluntario, con el cual dar\u00e1 cumplimiento a la clausura total decretada por esta Superintendencia contra el Plantel de Cerdos Santa Josefina.<\/p>\n<p>Luego de diversas presentaciones judiciales por parte de la empresa, todas fueron desestimadas y se corrobor\u00f3 el actuar de la SMA, siendo la \u00faltima notificada el d\u00eda 26 de agosto por el Tribunal Constitucional. En ese sentido, y luego de realizar varias reuniones con la empresa due\u00f1a del plantel, se aprob\u00f3 el programa de cierre voluntario, el cual establece un despoblamiento progresivo de dicha instalaci\u00f3n, cumpliendo con la normativa vigente. Este involucra en total seis meses para el traslado y comercializaci\u00f3n de cerdos, lo cual llevar\u00e1 al despoblamiento total del plantel en abril de 2020.<\/p>\n<p>Cabe recordar que desde julio de 2019 ya se han tomado distintas medidas para hacer cumplir el cierre del recinto. A trav\u00e9s de un trabajo conjunto con el SII, SAG, Carabineros y Seremi de Salud, se adoptaron diversas medidas, como de frenar la inseminaci\u00f3n y monta de hembras, lo cual ha disminuido en un 50% la cantidad de cerdas pre\u00f1adas. Con esto, los \u00faltimos nacimientos en el plantel deber\u00edan producirse en octubre de 2019.<\/p>\n<h2>Mejoras ambientales progresivas<\/h2>\n<p>Es importante destacar que este es un programa de despoblamiento progresivo, ya que en todo momento, se debe cumplir con la normativa referida al \u201cBienestar Animal\u201d del SAG, que proh\u00edbe el traslado de especies de menor tama\u00f1o y genera restricciones al movimiento y traslado de hembras pre\u00f1adas. Adem\u00e1s, como autoridad se debe poner \u00e9nfasis que es un plantel de animales \u201cconfinados\u201d, ello quiere decir que tiene protocolos de aislamiento y bioseguridad.<\/p>\n<p>Considerando el bienestar animal, se comenzar\u00e1 con el traslado de animales, dejando para las fases finales a hembras y especies de menor tama\u00f1o. En abril de 2020 no deber\u00e1n quedar animales en el Plantel Santa Josefina.<\/p>\n<p>\u201cLa reducci\u00f3n de animales redundar\u00e1 en mejoras respecto a las molestias que perciben los vecinos del recinto respecto de malos olores, al manejo de residuos l\u00edquidos adem\u00e1s existir\u00e1 un programa de control de vectores, como son las moscas\u201d, afirm\u00f3 el Jefe Regional de la SMA, Cristi\u00e1n Lineros.<\/p>\n<p>En caso de no cumplirse estrictamente con el programa aprobado, que tiene por fin materializar la sanci\u00f3n de clausura total y definitiva, se proceder\u00e1 a realizar el cierre con el auxilio de la fuerza p\u00fablica. A la vez, se puede instruir un nuevo procedimiento sancionatorio por incumplimiento de sanci\u00f3n, el cual contar\u00e1 con el agravante de no cumplir con el plan progresivo de cierre. La fiscalizaci\u00f3n del cumplimiento de las condiciones de despoblamiento corresponder\u00e1 a la SMA y a los dem\u00e1s organismos sectoriales competentes.<\/p>\n<p>&nbsp;<\/p>\n<p><strong>Infograf\u00eda general:<\/strong><\/p>\n<p><a href=\"https:\/\/portal.sma.gob.cl\/wp-content\/uploads\/2019\/09\/Infografia-2-1.png\"><img decoding=\"async\" class=\"alignnone wp-image-19004 size-large\" src=\"https:\/\/portal.sma.gob.cl\/wp-content\/uploads\/2019\/09\/Infografia-2-1-1024x922.png\" alt=\"\" width=\"1024\" height=\"922\" srcset=\"https:\/\/portal.sma.gob.cl\/wp-content\/uploads\/2019\/09\/Infografia-2-1-200x180.png 200w, https:\/\/portal.sma.gob.cl\/wp-content\/uploads\/2019\/09\/Infografia-2-1-300x270.png 300w, https:\/\/portal.sma.gob.cl\/wp-content\/uploads\/2019\/09\/Infografia-2-1-400x360.png 400w, https:\/\/portal.sma.gob.cl\/wp-content\/uploads\/2019\/09\/Infografia-2-1-600x540.png 600w, https:\/\/portal.sma.gob.cl\/wp-content\/uploads\/2019\/09\/Infografia-2-1-768x692.png 768w, https:\/\/portal.sma.gob.cl\/wp-content\/uploads\/2019\/09\/Infografia-2-1-800x721.png 800w, https:\/\/portal.sma.gob.cl\/wp-content\/uploads\/2019\/09\/Infografia-2-1-1024x922.png 1024w, https:\/\/portal.sma.gob.cl\/wp-content\/uploads\/2019\/09\/Infografia-2-1-1200x1081.png 1200w\" sizes=\"(max-width: 1024px) 100vw, 1024px\" \/><\/a><\/p>\n","protected":false},"excerpt":{"rendered":"<p>Luego del fallo del Tribunal Constitucional y de que el plantel presentara un programa de cierre voluntario, la SMA aprob\u00f3 la propuesta con una serie de correcciones de oficio, la cual deber\u00e1 cumplirse estrictamente. Si esto no ocurre se proceder\u00e1 al cierre con auxilio de la fuerza p\u00fablica. A partir de abril de 2020 no deber\u00e1 <a href=\"https:\/\/portal.sma.gob.cl\/index.php\/sma-inicia-proceso-de-cierre-progresivo-del-plantel-de-cerdos-santa-josefina\/\">Leer m\u00e1s<\/a><\/p>\n","protected":false},"author":9,"featured_media":18971,"comment_status":"open","ping_status":"open","sticky":false,"template":"","format":"standard","meta":{"footnotes":""},"categories":[90,107],"tags":[159,160,158,110],"class_list":["post-18999","post","type-post","status-publish","format-standard","has-post-thumbnail","hentry","category-comunicados-noticias","category-destacado","tag-cerdos","tag-coihueco","tag-santa-josefina","tag-sma"],"_links":{"self":[{"href":"https:\/\/portal.sma.gob.cl\/index.php\/wp-json\/wp\/v2\/posts\/18999","targetHints":{"allow":["GET"]}}],"collection":[{"href":"https:\/\/portal.sma.gob.cl\/index.php\/wp-json\/wp\/v2\/posts"}],"about":[{"href":"https:\/\/portal.sma.gob.cl\/index.php\/wp-json\/wp\/v2\/types\/post"}],"author":[{"embeddable":true,"href":"https:\/\/portal.sma.gob.cl\/index.php\/wp-json\/wp\/v2\/users\/9"}],"replies":[{"embeddable":true,"href":"https:\/\/portal.sma.gob.cl\/index.php\/wp-json\/wp\/v2\/comments?post=18999"}],"version-history":[{"count":5,"href":"https:\/\/portal.sma.gob.cl\/index.php\/wp-json\/wp\/v2\/posts\/18999\/revisions"}],"predecessor-version":[{"id":19006,"href":"https:\/\/portal.sma.gob.cl\/index.php\/wp-json\/wp\/v2\/posts\/18999\/revisions\/19006"}],"wp:featuredmedia":[{"embeddable":true,"href":"https:\/\/portal.sma.gob.cl\/index.php\/wp-json\/wp\/v2\/media\/18971"}],"wp:attachment":[{"href":"https:\/\/portal.sma.gob.cl\/index.php\/wp-json\/wp\/v2\/media?parent=18999"}],"wp:term":[{"taxonomy":"category","embeddable":true,"href":"https:\/\/portal.sma.gob.cl\/index.php\/wp-json\/wp\/v2\/categories?post=18999"},{"taxonomy":"post_tag","embeddable":true,"href":"https:\/\/portal.sma.gob.cl\/index.php\/wp-json\/wp\/v2\/tags?post=18999"}],"curies":[{"name":"wp","href":"https:\/\/api.w.org\/{rel}","templated":true}]}}