{"id":19007,"date":"2019-09-04T09:41:01","date_gmt":"2019-09-04T13:41:01","guid":{"rendered":"https:\/\/portal.sma.gob.cl\/?p=19007"},"modified":"2019-09-04T09:41:49","modified_gmt":"2019-09-04T13:41:49","slug":"puerto-montt-sma-dicta-medidas-provisionales-en-contra-del-vertedero-el-empalme","status":"publish","type":"post","link":"https:\/\/portal.sma.gob.cl\/index.php\/puerto-montt-sma-dicta-medidas-provisionales-en-contra-del-vertedero-el-empalme\/","title":{"rendered":"Puerto Montt: SMA dicta Medidas Provisionales en contra del Vertedero El Empalme"},"content":{"rendered":"<p><strong>Luego de constatar que en el recinto los l\u00edquidos lixiviados se mezclan con las aguas lluvias, \u00a0lo que podr\u00eda generar un riesgo de contaminaci\u00f3n al curso de agua aleda\u00f1a al recinto, el cual llega al R\u00edo G\u00f3mez que es tributario del R\u00edo Maull\u00edn.<\/strong><\/p>\n<p><strong>Puerto Montt, 04 de septiembre de 2019. <\/strong>El Superintendente del Medio Ambiente (S), Rub\u00e9n Verdugo, orden\u00f3 Medidas Provisionales en contra de la empresa REXIN Ltda., titular del proyecto Vertedero El Empalme, ubicado en Maull\u00edn, Provincia de Llanquihue, Regi\u00f3n de Los Lagos. La instalaci\u00f3n cuenta con 2 Resoluciones de Calificaci\u00f3n Ambiental (RCA N\u00b0 157\/2008 y RCA n\u00b0 91\/2009).<\/p>\n<p>La instalaci\u00f3n opera un Vertedero de residuos s\u00f3lidos industriales, el cual se encuentra en funcionamiento bajo Resoluci\u00f3n Sanitaria N\u00ba 1453 de septiembre del 2000 y recibe los residuos s\u00f3lidos de la industria salmonera, acu\u00edcola, l\u00e1ctea, forestal, industria general y del sector municipal.<\/p>\n<p>La Oficina Regional de Los Lagos de la SMA recibi\u00f3 diversas denuncias ciudadanas respecto de este Vertedero, presentadas por el Sindicato de Trabajadores, del Sindicato de Pescadores, las Comunidades Ind\u00edgenas y por parte de la Ilustre Municipalidad de Maull\u00edn.<\/p>\n<p>A partir de estas denuncias se realizaron dos actividades de fiscalizaci\u00f3n en las que se constat\u00f3 que el Vertedero El Empalme se encuentra descargando, mediante la canalizaci\u00f3n de aguas lluvias, l\u00edquidos lixiviados mezclados con aguas lluvias, los cuales se conducen hacia el Estero Sin Nombre, el cual tributa en el R\u00edo G\u00f3mez, a unos 1.200 metros aproximadamente desde la instalaci\u00f3n, aportando una alta carga org\u00e1nica, la cual finalmente va a dar al R\u00edo Maull\u00edn.<\/p>\n<p>Tras analizar todos los antecedentes recabados, y con el objetivo de evitar un riesgo de contaminaci\u00f3n al curso de agua aleda\u00f1o, se ordenaron las siguientes medidas provisionales:<\/p>\n<ol>\n<li>Contener y controlar todos los l\u00edquidos con caracter\u00edsticas o que contengan l\u00edquidos provenientes de la zona de residuos, y que llegan a los canales perimetrales de aguas lluvias, con el objeto de evitar que estos lixiviados se mezclen con las aguas lluvias y fluyan hacia el Estero Sin Nombre y que llegan al r\u00edo G\u00f3mez.<\/li>\n<li>Limpiar y retirar los residuos y sedimentos que se encuentren en los canales perimetrales o canalizaciones de aguas lluvias, as\u00ed como tambi\u00e9n del Estero Sin Nombre.<\/li>\n<li>Presentar una caracterizaci\u00f3n completa de los l\u00edquidos lixiviados crudos, y un Programa de Monitoreo de la calidad de las aguas y sedimento desde la canalizaci\u00f3n de aguas lluvias, hasta el r\u00edo G\u00f3mez, incluyendo puntos aguas arriba y abajo de este punto de conexi\u00f3n.<\/li>\n<\/ol>\n<p>Todas estas medidas deber\u00e1n presentarse en un informe detallado y consolidado ante la Oficina Regional. El plazo otorgado para ejecutar estas acciones por parte del titular es de 15 d\u00edas h\u00e1biles contados desde su notificaci\u00f3n.<\/p>\n","protected":false},"excerpt":{"rendered":"<p>Luego de constatar que en el recinto los l\u00edquidos lixiviados se mezclan con las aguas lluvias, \u00a0lo que podr\u00eda generar un riesgo de contaminaci\u00f3n al curso de agua aleda\u00f1a al recinto, el cual llega al R\u00edo G\u00f3mez que es tributario del R\u00edo Maull\u00edn. Puerto Montt, 04 de septiembre de 2019. El Superintendente del Medio Ambiente (S), <a href=\"https:\/\/portal.sma.gob.cl\/index.php\/puerto-montt-sma-dicta-medidas-provisionales-en-contra-del-vertedero-el-empalme\/\">Leer m\u00e1s<\/a><\/p>\n","protected":false},"author":8,"featured_media":19009,"comment_status":"open","ping_status":"open","sticky":false,"template":"","format":"standard","meta":{"footnotes":""},"categories":[90,107],"tags":[],"class_list":["post-19007","post","type-post","status-publish","format-standard","has-post-thumbnail","hentry","category-comunicados-noticias","category-destacado"],"_links":{"self":[{"href":"https:\/\/portal.sma.gob.cl\/index.php\/wp-json\/wp\/v2\/posts\/19007","targetHints":{"allow":["GET"]}}],"collection":[{"href":"https:\/\/portal.sma.gob.cl\/index.php\/wp-json\/wp\/v2\/posts"}],"about":[{"href":"https:\/\/portal.sma.gob.cl\/index.php\/wp-json\/wp\/v2\/types\/post"}],"author":[{"embeddable":true,"href":"https:\/\/portal.sma.gob.cl\/index.php\/wp-json\/wp\/v2\/users\/8"}],"replies":[{"embeddable":true,"href":"https:\/\/portal.sma.gob.cl\/index.php\/wp-json\/wp\/v2\/comments?post=19007"}],"version-history":[{"count":4,"href":"https:\/\/portal.sma.gob.cl\/index.php\/wp-json\/wp\/v2\/posts\/19007\/revisions"}],"predecessor-version":[{"id":19012,"href":"https:\/\/portal.sma.gob.cl\/index.php\/wp-json\/wp\/v2\/posts\/19007\/revisions\/19012"}],"wp:featuredmedia":[{"embeddable":true,"href":"https:\/\/portal.sma.gob.cl\/index.php\/wp-json\/wp\/v2\/media\/19009"}],"wp:attachment":[{"href":"https:\/\/portal.sma.gob.cl\/index.php\/wp-json\/wp\/v2\/media?parent=19007"}],"wp:term":[{"taxonomy":"category","embeddable":true,"href":"https:\/\/portal.sma.gob.cl\/index.php\/wp-json\/wp\/v2\/categories?post=19007"},{"taxonomy":"post_tag","embeddable":true,"href":"https:\/\/portal.sma.gob.cl\/index.php\/wp-json\/wp\/v2\/tags?post=19007"}],"curies":[{"name":"wp","href":"https:\/\/api.w.org\/{rel}","templated":true}]}}