{"id":19014,"date":"2019-09-05T09:04:49","date_gmt":"2019-09-05T13:04:49","guid":{"rendered":"https:\/\/portal.sma.gob.cl\/?p=19014"},"modified":"2019-09-05T09:05:32","modified_gmt":"2019-09-05T13:05:32","slug":"sma-se-reune-con-titulares-y-comunidades-de-mejillones","status":"publish","type":"post","link":"https:\/\/portal.sma.gob.cl\/index.php\/sma-se-reune-con-titulares-y-comunidades-de-mejillones\/","title":{"rendered":"SMA se re\u00fane con titulares y comunidades de Mejillones"},"content":{"rendered":"<p><strong>Encuentros que estuvieron orientados en la profundizaci\u00f3n de la promoci\u00f3n al cumplimiento ambiental, y que tambi\u00e9n tienen por objeto potenciar un mayor relacionamiento con la ciudadan\u00eda.<\/strong><\/p>\n<p><strong>Mejillones, 5 de septiembre de 2019.- <\/strong>El Superintendente del Medio Ambiente (S), Rub\u00e9n Verdugo en conjunto con profesionales del Nivel Central y de la Oficina Regional de Antofagasta de la SMA, realizaron este mi\u00e9rcoles 4 de septiembre del presente a\u00f1o, una ronda de reuniones con titulares y comunidades de la Bah\u00eda de Mejillones, y que tuvieron por objeto informar el estatus de los principales proyectos fiscalizados en dicha comuna.<\/p>\n<p>Durante las reuniones, los profesionales de la Superintendencia profundizaron tambi\u00e9n sobre el alcance de la fiscalizaci\u00f3n ambiental estrat\u00e9gica que est\u00e1 desplegando la SMA en la comuna de Mejillones, junto con explicar y despejar dudas de c\u00f3mo la ciudadan\u00eda puede presentar y canalizar sus denuncias ante el organismo.<\/p>\n<p>Por \u00faltimo, se les present\u00f3 a los asistentes el concepto de fiscalizaci\u00f3n comunitaria que est\u00e1 implementando la SMA a lo largo del pa\u00eds, y que busca sumar a las comunidades en aquellas actividades de fiscalizaci\u00f3n programadas en las zonas de inter\u00e9s ambiental.<\/p>\n<p>\u201cLa actividad que realizamos este mi\u00e9rcoles con la comunidad de Mejillones forma parte de nuestra estrategia territorial establecida para el per\u00edodo 2019, orientada en la profundizaci\u00f3n de la promoci\u00f3n al cumplimiento ambiental, y donde uno de sus pilares fundamentales es justamente acercarnos a la ciudadan\u00eda, invit\u00e1ndola a que formen parte de nuestras inspecciones para que conozcan en terreno el trabajo que realiza la SMA\u201d, afirm\u00f3 Rub\u00e9n Verdugo, Superintendente del Medio Ambiente (S).<\/p>\n","protected":false},"excerpt":{"rendered":"<p>Encuentros que estuvieron orientados en la profundizaci\u00f3n de la promoci\u00f3n al cumplimiento ambiental, y que tambi\u00e9n tienen por objeto potenciar un mayor relacionamiento con la ciudadan\u00eda. Mejillones, 5 de septiembre de 2019.- El Superintendente del Medio Ambiente (S), Rub\u00e9n Verdugo en conjunto con profesionales del Nivel Central y de la Oficina Regional de Antofagasta de la <a href=\"https:\/\/portal.sma.gob.cl\/index.php\/sma-se-reune-con-titulares-y-comunidades-de-mejillones\/\">Leer m\u00e1s<\/a><\/p>\n","protected":false},"author":8,"featured_media":19016,"comment_status":"open","ping_status":"open","sticky":false,"template":"","format":"standard","meta":{"footnotes":""},"categories":[107,94],"tags":[],"class_list":["post-19014","post","type-post","status-publish","format-standard","has-post-thumbnail","hentry","category-destacado","category-notas-noticias"],"_links":{"self":[{"href":"https:\/\/portal.sma.gob.cl\/index.php\/wp-json\/wp\/v2\/posts\/19014","targetHints":{"allow":["GET"]}}],"collection":[{"href":"https:\/\/portal.sma.gob.cl\/index.php\/wp-json\/wp\/v2\/posts"}],"about":[{"href":"https:\/\/portal.sma.gob.cl\/index.php\/wp-json\/wp\/v2\/types\/post"}],"author":[{"embeddable":true,"href":"https:\/\/portal.sma.gob.cl\/index.php\/wp-json\/wp\/v2\/users\/8"}],"replies":[{"embeddable":true,"href":"https:\/\/portal.sma.gob.cl\/index.php\/wp-json\/wp\/v2\/comments?post=19014"}],"version-history":[{"count":2,"href":"https:\/\/portal.sma.gob.cl\/index.php\/wp-json\/wp\/v2\/posts\/19014\/revisions"}],"predecessor-version":[{"id":19017,"href":"https:\/\/portal.sma.gob.cl\/index.php\/wp-json\/wp\/v2\/posts\/19014\/revisions\/19017"}],"wp:featuredmedia":[{"embeddable":true,"href":"https:\/\/portal.sma.gob.cl\/index.php\/wp-json\/wp\/v2\/media\/19016"}],"wp:attachment":[{"href":"https:\/\/portal.sma.gob.cl\/index.php\/wp-json\/wp\/v2\/media?parent=19014"}],"wp:term":[{"taxonomy":"category","embeddable":true,"href":"https:\/\/portal.sma.gob.cl\/index.php\/wp-json\/wp\/v2\/categories?post=19014"},{"taxonomy":"post_tag","embeddable":true,"href":"https:\/\/portal.sma.gob.cl\/index.php\/wp-json\/wp\/v2\/tags?post=19014"}],"curies":[{"name":"wp","href":"https:\/\/api.w.org\/{rel}","templated":true}]}}