{"id":19101,"date":"2019-10-01T15:30:41","date_gmt":"2019-10-01T18:30:41","guid":{"rendered":"https:\/\/portal.sma.gob.cl\/?p=19101"},"modified":"2019-10-02T10:57:47","modified_gmt":"2019-10-02T13:57:47","slug":"rm-sma-dicta-medidas-contra-edificio-de-providencia-por-ruidos-molestos","status":"publish","type":"post","link":"https:\/\/portal.sma.gob.cl\/index.php\/rm-sma-dicta-medidas-contra-edificio-de-providencia-por-ruidos-molestos\/","title":{"rendered":"RM: SMA dicta medidas contra edificio en Providencia por ruidos molestos"},"content":{"rendered":"<p><strong>La constructora del edificio \u201cPadre Mariano Mixed Use\u201d deber\u00e1 adoptar medidas de control para atenuar los ruidos generados por la faena constructiva, especialmente martillos el\u00e9ctricos y demoledores.<\/strong><\/p>\n<p><strong>Santiago, 1 de octubre de 2019.\u00a0 <\/strong>La Superintendencia del Medio Ambiente (SMA) dict\u00f3 medidas provisionales contra Edificio Padre Mariano Mixed Use, ubicado en la calle del mismo nombre de la comuna de Providencia, debido a que en sus faenas se registraron excedencias de hasta 30 decibeles por sobre la norma de ruidos en horario diurno.<\/p>\n<p>En este caso, la SMA recibi\u00f3 denuncias de vecinos y, mediante fiscalizaciones realizadas por la Municipalidad, siguiendo los protocolos establecidos por la SMA, se registraron mediciones de 95 decibeles y 94 decibeles en horario diurno, lo cual supera ampliamente los 65 decibeles m\u00e1ximos establecidos por la norma de ruido para ese sector (D.S. N\u00b038\/2011 MMA). Por esta raz\u00f3n, a su vez, se superan los umbrales establecidos por la \u00a0Organizaci\u00f3n Mundial de la Salud y existir\u00eda un riesgo serio para la salud de las personas que lo perciben, especialmente de quienes habitan en sus inmediaciones.<\/p>\n<p>Por esta raz\u00f3n, el Superintendente del Medio Ambiente (S), Rub\u00e9n Verdugo, dict\u00f3 medidas provisionales contra este proyecto, las que consisten en:<\/p>\n<p>-No\u00a0 realizar actividades las cuales requieran el uso del martillo el\u00e9ctrico o demoledor hasta que se genere el &#8220;Plan de coordinaci\u00f3n con la comunidad&#8221;, para el cual tiene un plazo de 5 d\u00edas h\u00e1biles.<\/p>\n<p>-Realizar mediciones, mediante una Entidad T\u00e9cnica de Fiscalizaci\u00f3n (ETFA), autorizada por la SMA, durante 3 jornadas en 3 receptores distintos, para que se refleje el peor ruido al que est\u00e1n expuestos los vecinos colindantes.<\/p>\n<p>-Se\u00f1alar las medidas de control que implementar\u00e1 el titular de la obra con el objeto de atenuar los ruidos generados por la faena constructiva, con \u00e9nfasis en los ruidos emitidos por los martillos el\u00e9ctricos o demoledores, acompa\u00f1ando un cronograma con dichas medidas.<\/p>\n<p>Estas medidas ser\u00e1n fiscalizadas por la SMA, ya que en este caso se ha detectado una excedencia importante respecto a la norma de ruidos. Cabe destacar que los ruidos molestos concentran el 50% de las denuncias que recibe la Superintendencia a\u00f1o a a\u00f1o, y desde el punto de vista fisiol\u00f3gico, \u00e9ste puede afectar no s\u00f3lo la audici\u00f3n, sino que el sistema respiratorio, sistema digestivo y sistema circulatorio.<\/p>\n<p>\u201cEstamos implementando un nuevo modelo para gestionar los sancionatorios de ruido y en este caso, decretando medidas provisionales debido a que se detect\u00f3 una superaci\u00f3n de m\u00e1s de 30 decibeles respecto a la normativa. Esto es muy importante, ya que en los casos de ruidos molestos, hay un riesgo de afectaci\u00f3n de la salud de la poblaci\u00f3n expuesta\u201d, sostiene el Superintendente Verdugo.<\/p>\n<p>&nbsp;<\/p>\n","protected":false},"excerpt":{"rendered":"<p>La constructora del edificio \u201cPadre Mariano Mixed Use\u201d deber\u00e1 adoptar medidas de control para atenuar los ruidos generados por la faena constructiva, especialmente martillos el\u00e9ctricos y demoledores. Santiago, 1 de octubre de 2019.\u00a0 La Superintendencia del Medio Ambiente (SMA) dict\u00f3 medidas provisionales contra Edificio Padre Mariano Mixed Use, ubicado en la calle del mismo nombre de <a href=\"https:\/\/portal.sma.gob.cl\/index.php\/rm-sma-dicta-medidas-contra-edificio-de-providencia-por-ruidos-molestos\/\">Leer m\u00e1s<\/a><\/p>\n","protected":false},"author":9,"featured_media":19102,"comment_status":"open","ping_status":"open","sticky":false,"template":"","format":"standard","meta":{"footnotes":""},"categories":[90,107],"tags":[],"class_list":["post-19101","post","type-post","status-publish","format-standard","has-post-thumbnail","hentry","category-comunicados-noticias","category-destacado"],"_links":{"self":[{"href":"https:\/\/portal.sma.gob.cl\/index.php\/wp-json\/wp\/v2\/posts\/19101","targetHints":{"allow":["GET"]}}],"collection":[{"href":"https:\/\/portal.sma.gob.cl\/index.php\/wp-json\/wp\/v2\/posts"}],"about":[{"href":"https:\/\/portal.sma.gob.cl\/index.php\/wp-json\/wp\/v2\/types\/post"}],"author":[{"embeddable":true,"href":"https:\/\/portal.sma.gob.cl\/index.php\/wp-json\/wp\/v2\/users\/9"}],"replies":[{"embeddable":true,"href":"https:\/\/portal.sma.gob.cl\/index.php\/wp-json\/wp\/v2\/comments?post=19101"}],"version-history":[{"count":2,"href":"https:\/\/portal.sma.gob.cl\/index.php\/wp-json\/wp\/v2\/posts\/19101\/revisions"}],"predecessor-version":[{"id":19110,"href":"https:\/\/portal.sma.gob.cl\/index.php\/wp-json\/wp\/v2\/posts\/19101\/revisions\/19110"}],"wp:featuredmedia":[{"embeddable":true,"href":"https:\/\/portal.sma.gob.cl\/index.php\/wp-json\/wp\/v2\/media\/19102"}],"wp:attachment":[{"href":"https:\/\/portal.sma.gob.cl\/index.php\/wp-json\/wp\/v2\/media?parent=19101"}],"wp:term":[{"taxonomy":"category","embeddable":true,"href":"https:\/\/portal.sma.gob.cl\/index.php\/wp-json\/wp\/v2\/categories?post=19101"},{"taxonomy":"post_tag","embeddable":true,"href":"https:\/\/portal.sma.gob.cl\/index.php\/wp-json\/wp\/v2\/tags?post=19101"}],"curies":[{"name":"wp","href":"https:\/\/api.w.org\/{rel}","templated":true}]}}