{"id":19104,"date":"2019-10-01T17:36:42","date_gmt":"2019-10-01T20:36:42","guid":{"rendered":"https:\/\/portal.sma.gob.cl\/?p=19104"},"modified":"2019-10-01T17:36:42","modified_gmt":"2019-10-01T20:36:42","slug":"sma-formula-cargos-en-contra-de-la-empresa-agricola-coexca-s-a","status":"publish","type":"post","link":"https:\/\/portal.sma.gob.cl\/index.php\/sma-formula-cargos-en-contra-de-la-empresa-agricola-coexca-s-a\/","title":{"rendered":"SMA formula cargos en contra de la empresa Agr\u00edcola Coexca S.A."},"content":{"rendered":"<p><strong>Principalmente por operar plantel de cerdos sin el tratamiento de purines establecido, y por la construcci\u00f3n y operaci\u00f3n del sistema de tratamiento sin contar con una resoluci\u00f3n de calificaci\u00f3n ambiental (RCA).<\/strong><\/p>\n<p><strong>Talca, 01 de octubre de 2019.<\/strong> La Superintendencia del Medio Ambiente (SMA) formul\u00f3 cargos en contra de la empresa Agr\u00edcola Coexca S.A., titular del proyecto denominado \u201cPlantel Porcino de 10 Mil Madres San Agust\u00edn del Arbolito\u201d, ubicado en Predio San Agust\u00edn del Arbolito, comuna de San Javier, Regi\u00f3n del Maule; principalmente por operar un plantel de cerdos sin el tratamiento de purines establecido, y por la construcci\u00f3n y operaci\u00f3n de un sistema de tratamiento de purines en forma previa a la obtenci\u00f3n de una resoluci\u00f3n de calificaci\u00f3n ambiental (RCA).<\/p>\n<p>Debido a diversas denuncias por olores molestos provenientes desde dicha instalaci\u00f3n, fiscalizadores de la SMA, en conjunto con profesionales de la Seremi de Salud, Servicio Agr\u00edcola y Ganadero (SAG), Corporaci\u00f3n Nacional Forestal (CONAF) y de la Direcci\u00f3n General de Aguas (DGA) &#8211; todos de la Regi\u00f3n del Maule-, realizaron diversas actividades de inspecci\u00f3n al plantel de cerdos, a trav\u00e9s de las cuales se detect\u00f3 el incumplimiento ambiental para este tipo de instalaciones. En espec\u00edfico, esta Superintendencia ha formulado los siguientes cargos:<\/p>\n<ol>\n<li>No dar cumplimiento al monitoreo biol\u00f3gico de anfibios y micromam\u00edferos comprometido para la etapa de pre construcci\u00f3n, construcci\u00f3n y operaci\u00f3n en el \u00e1rea de intervenci\u00f3n.<\/li>\n<li>No implementar una cortina vegetal, consistente en franjas de eucaliptus en l\u00edmites del predio y rutas.<\/li>\n<li>Construir una obra de modificaci\u00f3n de cauce y una laguna para acumulaci\u00f3n de digestato l\u00edquido, sin haber presentado dichos proyectos ante la DGA en forma previa a su ejecuci\u00f3n.<\/li>\n<li>Operar el plantel porcino, al menos entre julio de 2018 y mayo de 2019, sin realizar el tratamiento de purines conforme a lo establecido.<\/li>\n<li>Construcci\u00f3n y operaci\u00f3n de proyecto, sin contar previamente con resoluci\u00f3n de calificaci\u00f3n ambiental.<\/li>\n<\/ol>\n<p>En este caso, las infracciones 4 y 5 fueron clasificadas como graves, y el resto de las infracciones como leves. La Ley Org\u00e1nica de la SMA establece que las infracciones graves podr\u00e1n ser objeto de revocaci\u00f3n de la resoluci\u00f3n de calificaci\u00f3n ambiental, clausura, o multa de hasta cinco mil unidades tributarias anuales<\/p>\n<p>Es importante destacar que la formulaci\u00f3n de cargos es el inicio de un procedimiento sancionatorio por parte de la SMA. En tanto, los infractores tendr\u00e1n 10 d\u00edas de plazo para presentar un Programa de Cumplimiento, o bien, 15 d\u00edas de plazo para formular descargos ante esta Superintendencia, tras lo cual contin\u00faa el proceso sancionatorio.<\/p>\n<p>Para mayores detalles, puede acceder a cada formulaci\u00f3n de cargos en el Sistema Nacional de Informaci\u00f3n de Fiscalizaci\u00f3n Ambiental (SNIFA): <a href=\"http:\/\/snifa.sma.gob.cl\/v2\/Sancionatorio\/Ficha\/2010\">http:\/\/snifa.sma.gob.cl\/v2\/Sancionatorio\/Ficha\/2010<\/a><\/p>\n<p><img decoding=\"async\" class=\"alignnone size-large wp-image-19107\" src=\"https:\/\/portal.sma.gob.cl\/wp-content\/uploads\/2019\/10\/SMA-formula-cargos-en-contra-de-la-empresa-Agr\u00edcola-Coexca-B-1024x596.jpg\" alt=\"\" width=\"1024\" height=\"596\" srcset=\"https:\/\/portal.sma.gob.cl\/wp-content\/uploads\/2019\/10\/SMA-formula-cargos-en-contra-de-la-empresa-Agr\u00edcola-Coexca-B-200x116.jpg 200w, https:\/\/portal.sma.gob.cl\/wp-content\/uploads\/2019\/10\/SMA-formula-cargos-en-contra-de-la-empresa-Agr\u00edcola-Coexca-B-300x175.jpg 300w, https:\/\/portal.sma.gob.cl\/wp-content\/uploads\/2019\/10\/SMA-formula-cargos-en-contra-de-la-empresa-Agr\u00edcola-Coexca-B-400x233.jpg 400w, https:\/\/portal.sma.gob.cl\/wp-content\/uploads\/2019\/10\/SMA-formula-cargos-en-contra-de-la-empresa-Agr\u00edcola-Coexca-B-600x349.jpg 600w, https:\/\/portal.sma.gob.cl\/wp-content\/uploads\/2019\/10\/SMA-formula-cargos-en-contra-de-la-empresa-Agr\u00edcola-Coexca-B-768x447.jpg 768w, https:\/\/portal.sma.gob.cl\/wp-content\/uploads\/2019\/10\/SMA-formula-cargos-en-contra-de-la-empresa-Agr\u00edcola-Coexca-B-800x465.jpg 800w, https:\/\/portal.sma.gob.cl\/wp-content\/uploads\/2019\/10\/SMA-formula-cargos-en-contra-de-la-empresa-Agr\u00edcola-Coexca-B-1024x596.jpg 1024w, https:\/\/portal.sma.gob.cl\/wp-content\/uploads\/2019\/10\/SMA-formula-cargos-en-contra-de-la-empresa-Agr\u00edcola-Coexca-B.jpg 1100w\" sizes=\"(max-width: 1024px) 100vw, 1024px\" \/><\/p>\n","protected":false},"excerpt":{"rendered":"<p>Principalmente por operar plantel de cerdos sin el tratamiento de purines establecido, y por la construcci\u00f3n y operaci\u00f3n del sistema de tratamiento sin contar con una resoluci\u00f3n de calificaci\u00f3n ambiental (RCA). Talca, 01 de octubre de 2019. La Superintendencia del Medio Ambiente (SMA) formul\u00f3 cargos en contra de la empresa Agr\u00edcola Coexca S.A., titular del proyecto <a href=\"https:\/\/portal.sma.gob.cl\/index.php\/sma-formula-cargos-en-contra-de-la-empresa-agricola-coexca-s-a\/\">Leer m\u00e1s<\/a><\/p>\n","protected":false},"author":8,"featured_media":19106,"comment_status":"open","ping_status":"open","sticky":false,"template":"","format":"standard","meta":{"footnotes":""},"categories":[90,107],"tags":[],"class_list":["post-19104","post","type-post","status-publish","format-standard","has-post-thumbnail","hentry","category-comunicados-noticias","category-destacado"],"_links":{"self":[{"href":"https:\/\/portal.sma.gob.cl\/index.php\/wp-json\/wp\/v2\/posts\/19104","targetHints":{"allow":["GET"]}}],"collection":[{"href":"https:\/\/portal.sma.gob.cl\/index.php\/wp-json\/wp\/v2\/posts"}],"about":[{"href":"https:\/\/portal.sma.gob.cl\/index.php\/wp-json\/wp\/v2\/types\/post"}],"author":[{"embeddable":true,"href":"https:\/\/portal.sma.gob.cl\/index.php\/wp-json\/wp\/v2\/users\/8"}],"replies":[{"embeddable":true,"href":"https:\/\/portal.sma.gob.cl\/index.php\/wp-json\/wp\/v2\/comments?post=19104"}],"version-history":[{"count":2,"href":"https:\/\/portal.sma.gob.cl\/index.php\/wp-json\/wp\/v2\/posts\/19104\/revisions"}],"predecessor-version":[{"id":19108,"href":"https:\/\/portal.sma.gob.cl\/index.php\/wp-json\/wp\/v2\/posts\/19104\/revisions\/19108"}],"wp:featuredmedia":[{"embeddable":true,"href":"https:\/\/portal.sma.gob.cl\/index.php\/wp-json\/wp\/v2\/media\/19106"}],"wp:attachment":[{"href":"https:\/\/portal.sma.gob.cl\/index.php\/wp-json\/wp\/v2\/media?parent=19104"}],"wp:term":[{"taxonomy":"category","embeddable":true,"href":"https:\/\/portal.sma.gob.cl\/index.php\/wp-json\/wp\/v2\/categories?post=19104"},{"taxonomy":"post_tag","embeddable":true,"href":"https:\/\/portal.sma.gob.cl\/index.php\/wp-json\/wp\/v2\/tags?post=19104"}],"curies":[{"name":"wp","href":"https:\/\/api.w.org\/{rel}","templated":true}]}}