{"id":19113,"date":"2019-10-02T12:38:59","date_gmt":"2019-10-02T15:38:59","guid":{"rendered":"https:\/\/portal.sma.gob.cl\/?p=19113"},"modified":"2019-10-02T14:50:27","modified_gmt":"2019-10-02T17:50:27","slug":"quintero-sma-inicia-proceso-sancionatorio-contra-aes-gener-por-incumplimientos-ambientales","status":"publish","type":"post","link":"https:\/\/portal.sma.gob.cl\/index.php\/quintero-sma-inicia-proceso-sancionatorio-contra-aes-gener-por-incumplimientos-ambientales\/","title":{"rendered":"Quintero: SMA inicia proceso sancionatorio contra AES Gener por incumplimientos ambientales"},"content":{"rendered":"<p><strong>A la el\u00e9ctrica se le imputan cuatro cargos por incumplimientos ocurridos entre 2016 y 2018, entre ellos superar los l\u00edmites de generaci\u00f3n bruta y superar los l\u00edmites m\u00e1ximos de ruido en horario nocturno.<\/strong><\/p>\n<p><strong>Santiago, 2 de octubre de 2019.\u00a0 <\/strong>La Superintendencia del Medio Ambiente (SMA) inici\u00f3 un procedimiento sancionatorio contra AES Gener S.A., titular del Complejo Termoel\u00e9ctrico Ventanas, que cuenta con una capacidad instalada de 884 MW en la Bah\u00eda de Quintero, Regi\u00f3n de Valpara\u00edso.<\/p>\n<p>Cabe destacar que dicho complejo tiene las Unidades 1 y 2, puestas en marcha en los a\u00f1os 1964 y 1977 respectivamente; la Central Nueva Ventanas (puesta en marcha en 2010) y Central Campiche (2013). Dicho complejo cuenta con 6 Resoluciones de Calificaci\u00f3n Ambiental (RCA), y ha sido fiscalizada en m\u00faltiples ocasiones por profesionales de la SMA, Seremi de Salud, Gobernaci\u00f3n Mar\u00edtima y el SAG, todos de la Regi\u00f3n de Valpara\u00edso.<\/p>\n<p>En total se le imputan 4 cargos a la empresa, entre los que se cuentan:<\/p>\n<ol>\n<li>Superaci\u00f3n de los l\u00edmites de generaci\u00f3n bruta establecidos para Central Nueva Ventanas (establecida en 267 MW), y en Central Campiche (potencia bruta de 270 MW). Esto en distintos per\u00edodos de 2016, 2017 y 2018.<\/li>\n<\/ol>\n<ol start=\"2\">\n<li>Incumplimiento de lo dispuesto en el antiguo Plan de Acci\u00f3n Operacional de la Central Nueva Ventanas, pues observ\u00e1ndose un periodo cr\u00edtico para SO2 a nivel de Alerta, la central no cumpli\u00f3 con su obligaci\u00f3n de ajustar gradualmente el nivel de operaci\u00f3n de equipos de abatimiento con feedback de emisiones ni ajuste de carga, misma obligaci\u00f3n incumplida en d\u00edas de \u201cadvertencia\u201d, en distintos per\u00edodos de 2016, 2017 y 2018, hasta el mes de junio.<\/li>\n<\/ol>\n<ol start=\"3\">\n<li>Superaci\u00f3n de los l\u00edmites m\u00e1ximos establecidos asociados a descargas de residuos l\u00edquidos a Aguas Marinas y Continentales (D.S. 90\/2000) superficiales en distintos momentos de en 2017.<\/li>\n<\/ol>\n<ol start=\"4\">\n<li>Superaci\u00f3n de niveles m\u00e1ximos de presi\u00f3n sonora (D.S. 38\/2011), alcanzando excedencias de hasta 10 decibeles en horario nocturno en 2016 y 2017.<\/li>\n<\/ol>\n<p>Cabe destacar que los cuatro cargos formulados no dicen relaci\u00f3n con incumplimientos ocurridos durante la contingencia ambiental de septiembre de 2018 en la Bah\u00eda de Quintero-Puchuncav\u00ed. El caso del cargo 2, el Plan Operacional se\u00f1alado es anterior al vigente actualmente por el Plan de Descontaminaci\u00f3n de Quintero-Puchuncav\u00ed, el cual comenz\u00f3 a aplicarse en abril de 2019 y tiene medidas m\u00e1s exigentes que los antiguos asociados a las RCA del proyecto.<\/p>\n<p>Las infracciones 1 y 3 se han clasificado como leves, pueden ser objeto de sanciones que van de 1 a 1.000 Unidades Tributarias Anuales (UTA). En tanto, las infracciones 2 y 4 se clasifican como graves, las que pueden ser objeto de multa hasta 5.000 UTA, revocaci\u00f3n de RCA, clausura, entre otros. En estos casos, la no ejecuci\u00f3n de medidas oportunas ante un episodio cr\u00edtico, conlleva un riesgo para la salud de la poblaci\u00f3n, lo mismo que la superaci\u00f3n de la norma de ruido, dada la frecuencia de la exposici\u00f3n a altos niveles en horario nocturno.<\/p>\n<p>La empresa cuenta con 10 d\u00edas h\u00e1biles para presentar un Programa de Cumplimiento o 15 d\u00edas para presentar descargos ante la SMA. \u00a0M\u00e1s informaci\u00f3n del caso en: <a href=\"http:\/\/snifa.sma.gob.cl\/v2\/Sancionatorio\/Ficha\/2009\">http:\/\/snifa.sma.gob.cl\/v2\/Sancionatorio\/Ficha\/2009<\/a><\/p>\n<p>Esta formulaci\u00f3n de cargos se enmarca dentro de la estrategia sancionatoria de la SMA, que busca abordar de manera sist\u00e9mica los proyectos relevados en las distintas realidades territoriales a nivel nacional.<\/p>\n","protected":false},"excerpt":{"rendered":"<p>A la el\u00e9ctrica se le imputan cuatro cargos por incumplimientos ocurridos entre 2016 y 2018, entre ellos superar los l\u00edmites de generaci\u00f3n bruta y superar los l\u00edmites m\u00e1ximos de ruido en horario nocturno. Santiago, 2 de octubre de 2019.\u00a0 La Superintendencia del Medio Ambiente (SMA) inici\u00f3 un procedimiento sancionatorio contra AES Gener S.A., titular del Complejo <a href=\"https:\/\/portal.sma.gob.cl\/index.php\/quintero-sma-inicia-proceso-sancionatorio-contra-aes-gener-por-incumplimientos-ambientales\/\">Leer m\u00e1s<\/a><\/p>\n","protected":false},"author":9,"featured_media":19119,"comment_status":"open","ping_status":"open","sticky":false,"template":"","format":"standard","meta":{"footnotes":""},"categories":[90,107],"tags":[],"class_list":["post-19113","post","type-post","status-publish","format-standard","has-post-thumbnail","hentry","category-comunicados-noticias","category-destacado"],"_links":{"self":[{"href":"https:\/\/portal.sma.gob.cl\/index.php\/wp-json\/wp\/v2\/posts\/19113","targetHints":{"allow":["GET"]}}],"collection":[{"href":"https:\/\/portal.sma.gob.cl\/index.php\/wp-json\/wp\/v2\/posts"}],"about":[{"href":"https:\/\/portal.sma.gob.cl\/index.php\/wp-json\/wp\/v2\/types\/post"}],"author":[{"embeddable":true,"href":"https:\/\/portal.sma.gob.cl\/index.php\/wp-json\/wp\/v2\/users\/9"}],"replies":[{"embeddable":true,"href":"https:\/\/portal.sma.gob.cl\/index.php\/wp-json\/wp\/v2\/comments?post=19113"}],"version-history":[{"count":5,"href":"https:\/\/portal.sma.gob.cl\/index.php\/wp-json\/wp\/v2\/posts\/19113\/revisions"}],"predecessor-version":[{"id":19120,"href":"https:\/\/portal.sma.gob.cl\/index.php\/wp-json\/wp\/v2\/posts\/19113\/revisions\/19120"}],"wp:featuredmedia":[{"embeddable":true,"href":"https:\/\/portal.sma.gob.cl\/index.php\/wp-json\/wp\/v2\/media\/19119"}],"wp:attachment":[{"href":"https:\/\/portal.sma.gob.cl\/index.php\/wp-json\/wp\/v2\/media?parent=19113"}],"wp:term":[{"taxonomy":"category","embeddable":true,"href":"https:\/\/portal.sma.gob.cl\/index.php\/wp-json\/wp\/v2\/categories?post=19113"},{"taxonomy":"post_tag","embeddable":true,"href":"https:\/\/portal.sma.gob.cl\/index.php\/wp-json\/wp\/v2\/tags?post=19113"}],"curies":[{"name":"wp","href":"https:\/\/api.w.org\/{rel}","templated":true}]}}