{"id":19132,"date":"2019-10-08T12:00:46","date_gmt":"2019-10-08T15:00:46","guid":{"rendered":"https:\/\/portal.sma.gob.cl\/?p=19132"},"modified":"2019-10-09T10:13:55","modified_gmt":"2019-10-09T13:13:55","slug":"nombran-por-alta-direccion-publica-a-superintendente-del-medio-ambiente","status":"publish","type":"post","link":"https:\/\/portal.sma.gob.cl\/index.php\/nombran-por-alta-direccion-publica-a-superintendente-del-medio-ambiente\/","title":{"rendered":"Nombran por Alta Direcci\u00f3n P\u00fablica a Superintendente del Medio Ambiente"},"content":{"rendered":"<p><b>Santiago, 08 de octubre de 2019.- <\/b>El ingeniero civil industrial Crist\u00f3bal de la Maza Guzm\u00e1n fue nombrado por el Presidente de la Rep\u00fablica, Sebasti\u00e1n Pi\u00f1era, como nuevo Superintendente del Medio Ambiente, tras realizarse el respectivo concurso de Alta Direcci\u00f3n P\u00fablica.<\/p>\n<p>El profesional, titulado de la Pontificia Universidad Cat\u00f3lica de Chile, cuenta con un doctorado en Ingenier\u00eda y Pol\u00edtica P\u00fablica de la Universidad de Carnegie Mellon, de Estados Unidos. Entre los a\u00f1os 2011 y 2014 se desempe\u00f1\u00f3 como jefe de la Divisi\u00f3n de Informaci\u00f3n y Econom\u00eda Ambiental en el Ministerio de Medio Ambiente, liderando el dise\u00f1o e implementaci\u00f3n de la Estrategia Nacional de Crecimiento Verde de Chile y el Sistema Nacional de Informaci\u00f3n Ambiental.<\/p>\n<p>Tambi\u00e9n ejerci\u00f3 como ingeniero de proyectos en Dictuc, filial de la PUC, y ha publicado varios art\u00edculos en materia de pol\u00edtica ambiental y desarrollo sostenible en revistas especializadas.<\/p>\n<p>El proceso para proveer este cargo se inici\u00f3 en mayo de este a\u00f1o con la publicaci\u00f3n de la convocatoria en el sitio web del Servicio Civil y en diarios de circulaci\u00f3n nacional. En total, se recibieron 168 postulaciones a trav\u00e9s del Sistema de Postulaci\u00f3n en L\u00ednea y 15 postulaciones a trav\u00e9s del servicio de b\u00fasqueda especializada.<\/p>\n<p>A partir de los resultados de la evaluaci\u00f3n de los candidatos, el Consejo de Alta Direcci\u00f3n P\u00fablica decidi\u00f3 entrevistar a diez postulantes, tras lo cual en julio envi\u00f3 al Presidente de la Rep\u00fablica la n\u00f3mina de candidatos elegibles, para que efectuara el nombramiento.<\/p>\n<p><b><img decoding=\"async\" class=\"alignleft wp-image-19140\" src=\"https:\/\/portal.sma.gob.cl\/wp-content\/uploads\/2019\/10\/Superintendente-Cristo\u0301bal-de-La-Maza-C-1024x596.jpg\" alt=\"\" width=\"785\" height=\"412\" \/><\/b><\/p>\n","protected":false},"excerpt":{"rendered":"<p>Santiago, 08 de octubre de 2019.- El ingeniero civil industrial Crist\u00f3bal de la Maza Guzm\u00e1n fue nombrado por el Presidente de la Rep\u00fablica, Sebasti\u00e1n Pi\u00f1era, como nuevo Superintendente del Medio Ambiente, tras realizarse el respectivo concurso de Alta Direcci\u00f3n P\u00fablica. El profesional, titulado de la Pontificia Universidad Cat\u00f3lica de Chile, cuenta con un doctorado en Ingenier\u00eda <a href=\"https:\/\/portal.sma.gob.cl\/index.php\/nombran-por-alta-direccion-publica-a-superintendente-del-medio-ambiente\/\">Leer m\u00e1s<\/a><\/p>\n","protected":false},"author":3,"featured_media":19139,"comment_status":"open","ping_status":"open","sticky":false,"template":"","format":"standard","meta":{"footnotes":""},"categories":[90,107],"tags":[],"class_list":["post-19132","post","type-post","status-publish","format-standard","has-post-thumbnail","hentry","category-comunicados-noticias","category-destacado"],"_links":{"self":[{"href":"https:\/\/portal.sma.gob.cl\/index.php\/wp-json\/wp\/v2\/posts\/19132","targetHints":{"allow":["GET"]}}],"collection":[{"href":"https:\/\/portal.sma.gob.cl\/index.php\/wp-json\/wp\/v2\/posts"}],"about":[{"href":"https:\/\/portal.sma.gob.cl\/index.php\/wp-json\/wp\/v2\/types\/post"}],"author":[{"embeddable":true,"href":"https:\/\/portal.sma.gob.cl\/index.php\/wp-json\/wp\/v2\/users\/3"}],"replies":[{"embeddable":true,"href":"https:\/\/portal.sma.gob.cl\/index.php\/wp-json\/wp\/v2\/comments?post=19132"}],"version-history":[{"count":9,"href":"https:\/\/portal.sma.gob.cl\/index.php\/wp-json\/wp\/v2\/posts\/19132\/revisions"}],"predecessor-version":[{"id":19149,"href":"https:\/\/portal.sma.gob.cl\/index.php\/wp-json\/wp\/v2\/posts\/19132\/revisions\/19149"}],"wp:featuredmedia":[{"embeddable":true,"href":"https:\/\/portal.sma.gob.cl\/index.php\/wp-json\/wp\/v2\/media\/19139"}],"wp:attachment":[{"href":"https:\/\/portal.sma.gob.cl\/index.php\/wp-json\/wp\/v2\/media?parent=19132"}],"wp:term":[{"taxonomy":"category","embeddable":true,"href":"https:\/\/portal.sma.gob.cl\/index.php\/wp-json\/wp\/v2\/categories?post=19132"},{"taxonomy":"post_tag","embeddable":true,"href":"https:\/\/portal.sma.gob.cl\/index.php\/wp-json\/wp\/v2\/tags?post=19132"}],"curies":[{"name":"wp","href":"https:\/\/api.w.org\/{rel}","templated":true}]}}