{"id":19151,"date":"2019-10-10T19:33:01","date_gmt":"2019-10-10T22:33:01","guid":{"rendered":"https:\/\/portal.sma.gob.cl\/?p=19151"},"modified":"2019-10-10T19:33:01","modified_gmt":"2019-10-10T22:33:01","slug":"ministra-carolina-schmidt-visita-al-nuevo-superintendente","status":"publish","type":"post","link":"https:\/\/portal.sma.gob.cl\/index.php\/ministra-carolina-schmidt-visita-al-nuevo-superintendente\/","title":{"rendered":"Ministra Carolina Schmidt visita al nuevo Superintendente"},"content":{"rendered":"<p><strong>La titular de Medio Ambiente, en compa\u00f1\u00eda del Subsecretario Felipe Riesco, se reunieron con el nuevo Superintendente Crist\u00f3bal de La Maza para revisar los principales desaf\u00edos que se ha fijado la entidad fiscalizadora.<\/strong><\/p>\n<p><strong>Santiago, 10 de octubre de 2019.<\/strong>\u00a0La ministra del Medio Ambiente, Carolina Schmidt, lleg\u00f3 durante esta tarde hasta las dependencias de la Superintendencia del Medio Ambiente (SMA) junto al subsecretario, Felipe Riesco, para dar un saludo de bienvenida al nuevo Superintendente, Crist\u00f3bal de La Maza.<\/p>\n<p>Durante el encuentro, las autoridades revisaron los principales lineamientos definidos por la SMA, y que est\u00e1n enfocados principalmente en la profundizaci\u00f3n de la promoci\u00f3n al cumplimiento ambiental, a trav\u00e9s de la correcci\u00f3n temprana de hallazgos; desarrollo de una estrategia de fiscalizaci\u00f3n centrada en la gesti\u00f3n territorial, de contingencia y de la informaci\u00f3n; y en correcciones procesales para agilizar tr\u00e1mites del procedimiento sancionatorio.<\/p>\n<p>Tras el encuentro, la ministra Schmidt expres\u00f3 que \u201cnosotros, como ministerio, tenemos una buena evaluaci\u00f3n del trabajo que ha realizado la Superintendencia del Medio Ambiente durante este per\u00edodo de transici\u00f3n administrativa, y hoy que ya cuenta con la nueva autoridad, le hemos querido transmitir al Superintendente de La Maza todo nuestro apoyo en esta importante tarea que asume\u201d, indic\u00f3 la titular de Medio Ambiente.<\/p>\n<p>Al respecto, el Superintendente de La Maza sostuvo que \u201ccon la ministra y el subsecretario compartimos la importante misi\u00f3n de proteger el medio ambiente y la salud de las personas, asegurando el cumplimiento de la normativa ambiental. La acci\u00f3n de la SMA se encuentra al servicio de la ciudadan\u00eda y nuestro objetivo es dar respuestas oportunas y efectivas a sus requerimientos\u201d, enfatiz\u00f3 la autoridad.<\/p>\n<p><img decoding=\"async\" class=\"alignnone size-large wp-image-19154\" src=\"https:\/\/portal.sma.gob.cl\/wp-content\/uploads\/2019\/10\/Ministra-Carolina-Schmidt-visita-al-nuevo-Superintendente-B-1024x596.jpg\" alt=\"\" width=\"1024\" height=\"596\" srcset=\"https:\/\/portal.sma.gob.cl\/wp-content\/uploads\/2019\/10\/Ministra-Carolina-Schmidt-visita-al-nuevo-Superintendente-B-200x116.jpg 200w, https:\/\/portal.sma.gob.cl\/wp-content\/uploads\/2019\/10\/Ministra-Carolina-Schmidt-visita-al-nuevo-Superintendente-B-300x175.jpg 300w, https:\/\/portal.sma.gob.cl\/wp-content\/uploads\/2019\/10\/Ministra-Carolina-Schmidt-visita-al-nuevo-Superintendente-B-400x233.jpg 400w, https:\/\/portal.sma.gob.cl\/wp-content\/uploads\/2019\/10\/Ministra-Carolina-Schmidt-visita-al-nuevo-Superintendente-B-600x349.jpg 600w, https:\/\/portal.sma.gob.cl\/wp-content\/uploads\/2019\/10\/Ministra-Carolina-Schmidt-visita-al-nuevo-Superintendente-B-768x447.jpg 768w, https:\/\/portal.sma.gob.cl\/wp-content\/uploads\/2019\/10\/Ministra-Carolina-Schmidt-visita-al-nuevo-Superintendente-B-800x465.jpg 800w, https:\/\/portal.sma.gob.cl\/wp-content\/uploads\/2019\/10\/Ministra-Carolina-Schmidt-visita-al-nuevo-Superintendente-B-1024x596.jpg 1024w, https:\/\/portal.sma.gob.cl\/wp-content\/uploads\/2019\/10\/Ministra-Carolina-Schmidt-visita-al-nuevo-Superintendente-B.jpg 1100w\" sizes=\"(max-width: 1024px) 100vw, 1024px\" \/><\/p>\n","protected":false},"excerpt":{"rendered":"<p>La titular de Medio Ambiente, en compa\u00f1\u00eda del Subsecretario Felipe Riesco, se reunieron con el nuevo Superintendente Crist\u00f3bal de La Maza para revisar los principales desaf\u00edos que se ha fijado la entidad fiscalizadora. Santiago, 10 de octubre de 2019.\u00a0La ministra del Medio Ambiente, Carolina Schmidt, lleg\u00f3 durante esta tarde hasta las dependencias de la Superintendencia del <a href=\"https:\/\/portal.sma.gob.cl\/index.php\/ministra-carolina-schmidt-visita-al-nuevo-superintendente\/\">Leer m\u00e1s<\/a><\/p>\n","protected":false},"author":8,"featured_media":19153,"comment_status":"open","ping_status":"open","sticky":false,"template":"","format":"standard","meta":{"footnotes":""},"categories":[107,94],"tags":[],"class_list":["post-19151","post","type-post","status-publish","format-standard","has-post-thumbnail","hentry","category-destacado","category-notas-noticias"],"_links":{"self":[{"href":"https:\/\/portal.sma.gob.cl\/index.php\/wp-json\/wp\/v2\/posts\/19151","targetHints":{"allow":["GET"]}}],"collection":[{"href":"https:\/\/portal.sma.gob.cl\/index.php\/wp-json\/wp\/v2\/posts"}],"about":[{"href":"https:\/\/portal.sma.gob.cl\/index.php\/wp-json\/wp\/v2\/types\/post"}],"author":[{"embeddable":true,"href":"https:\/\/portal.sma.gob.cl\/index.php\/wp-json\/wp\/v2\/users\/8"}],"replies":[{"embeddable":true,"href":"https:\/\/portal.sma.gob.cl\/index.php\/wp-json\/wp\/v2\/comments?post=19151"}],"version-history":[{"count":2,"href":"https:\/\/portal.sma.gob.cl\/index.php\/wp-json\/wp\/v2\/posts\/19151\/revisions"}],"predecessor-version":[{"id":19155,"href":"https:\/\/portal.sma.gob.cl\/index.php\/wp-json\/wp\/v2\/posts\/19151\/revisions\/19155"}],"wp:featuredmedia":[{"embeddable":true,"href":"https:\/\/portal.sma.gob.cl\/index.php\/wp-json\/wp\/v2\/media\/19153"}],"wp:attachment":[{"href":"https:\/\/portal.sma.gob.cl\/index.php\/wp-json\/wp\/v2\/media?parent=19151"}],"wp:term":[{"taxonomy":"category","embeddable":true,"href":"https:\/\/portal.sma.gob.cl\/index.php\/wp-json\/wp\/v2\/categories?post=19151"},{"taxonomy":"post_tag","embeddable":true,"href":"https:\/\/portal.sma.gob.cl\/index.php\/wp-json\/wp\/v2\/tags?post=19151"}],"curies":[{"name":"wp","href":"https:\/\/api.w.org\/{rel}","templated":true}]}}