{"id":19156,"date":"2019-10-14T17:40:01","date_gmt":"2019-10-14T20:40:01","guid":{"rendered":"https:\/\/portal.sma.gob.cl\/?p=19156"},"modified":"2019-10-15T09:02:27","modified_gmt":"2019-10-15T12:02:27","slug":"sma-de-nuble-fenomeno-de-mareas-verdes-no-presenta-riesgo-ambiental","status":"publish","type":"post","link":"https:\/\/portal.sma.gob.cl\/index.php\/sma-de-nuble-fenomeno-de-mareas-verdes-no-presenta-riesgo-ambiental\/","title":{"rendered":"SMA de \u00d1uble: Fen\u00f3meno de Mareas Verdes no presenta riesgo ambiental"},"content":{"rendered":"<p><strong>A ra\u00edz de la contingencia reportada hace un par de semanas en las costas de la comuna de Ranquil.<\/strong><\/p>\n<p><strong>Chill\u00e1n, 14 de octubre de 2019.-<\/strong> En atenci\u00f3n al fen\u00f3meno de \u201cmarea verde\u201d registrado en las costas de la Regi\u00f3n de \u00d1uble durante el d\u00eda 26 de septiembre de 2019 y posteriores, se da cuenta que la Superintendencia de Medio Ambiente (SMA) mediante la Res. N\u00b0 23\/19 eleva requerimiento al <strong>Proyecto Complejo Celco Nueva Aldea<\/strong> de la comuna de Ranquil, con el fin de chequear las condiciones operacionales que presentaba el <strong>S<\/strong><strong>istema de Conducci\u00f3n y Descarga al Mar de los Efluentes del CFI Nueva Aldea<\/strong> en la costa respectiva. Analizados, los datos presentados, es importante informar los siguientes resultados:<\/p>\n<ol>\n<li>El monitoreo realizado por el Laboratorio de ensayos EULA-Chile del efluente tratado y descargado por la Celulosa Nueva Aldea de los \u00faltimos 30 d\u00edas se ha mantenido dentro de los rangos aprobados ambientalmente.<\/li>\n<li>Las tres muestras puntuales, tomadas al agua en Playa Piedra Alta, Mure Sur y Mure Norte durante el fen\u00f3meno de \u201cmarea verde\u201d por el equipo del Programa de Investigaci\u00f3n Marina de Excelencia (PIMEX) de la Universidad de Concepci\u00f3n, dan cuenta que no existe patr\u00f3n de distribuci\u00f3n espacial sobre concentraciones que se asocien a la industria qu\u00edmica forestal.<\/li>\n<li>La marea verde, debe ser entendida como un proceso \u201cfloraci\u00f3n marina\u201d de organismos aut\u00f3trofos, entre los cuales los m\u00e1s abundantes ser\u00edan cianobacterias y flagelados los cuales producir\u00edan el color verde registrado en diversas zonas como lo fue tambi\u00e9n la caleta de Lenga, ubicada a 70 km al sur de Cobquecura.<\/li>\n<li>Finalmente, el informe PIMEX, indica que en el sector marino de las costas de \u00d1uble, existi\u00f3 un desequilibrio de la relaci\u00f3n Nitr\u00f3geno y Fosforo, el cual favoreci\u00f3 la proliferaci\u00f3n de este tipo de organismo.<\/li>\n<\/ol>\n<p>Para m\u00e1s informaci\u00f3n <strong><a href=\"https:\/\/portal.sma.gob.cl\/index.php\/download\/informe-mareas\/?wpdmdl=19165&amp;masterkey=5da4d4475b591\" target=\"_blank\" rel=\"noopener noreferrer\">ingresar al siguiente link<\/a><\/strong> donde podr\u00e1s descargar Informe An\u00e1lisis de abundancia de organismos aut\u00f3trofos y caracter\u00edsticas fisicoqu\u00edmicas de una marea verde en la localidad de Cobquecura \u2013 03.10.2019.<\/p>\n","protected":false},"excerpt":{"rendered":"<p>A ra\u00edz de la contingencia reportada hace un par de semanas en las costas de la comuna de Ranquil. Chill\u00e1n, 14 de octubre de 2019.- En atenci\u00f3n al fen\u00f3meno de \u201cmarea verde\u201d registrado en las costas de la Regi\u00f3n de \u00d1uble durante el d\u00eda 26 de septiembre de 2019 y posteriores, se da cuenta que la <a href=\"https:\/\/portal.sma.gob.cl\/index.php\/sma-de-nuble-fenomeno-de-mareas-verdes-no-presenta-riesgo-ambiental\/\">Leer m\u00e1s<\/a><\/p>\n","protected":false},"author":8,"featured_media":19158,"comment_status":"open","ping_status":"open","sticky":false,"template":"","format":"standard","meta":{"footnotes":""},"categories":[107,94],"tags":[],"class_list":["post-19156","post","type-post","status-publish","format-standard","has-post-thumbnail","hentry","category-destacado","category-notas-noticias"],"_links":{"self":[{"href":"https:\/\/portal.sma.gob.cl\/index.php\/wp-json\/wp\/v2\/posts\/19156","targetHints":{"allow":["GET"]}}],"collection":[{"href":"https:\/\/portal.sma.gob.cl\/index.php\/wp-json\/wp\/v2\/posts"}],"about":[{"href":"https:\/\/portal.sma.gob.cl\/index.php\/wp-json\/wp\/v2\/types\/post"}],"author":[{"embeddable":true,"href":"https:\/\/portal.sma.gob.cl\/index.php\/wp-json\/wp\/v2\/users\/8"}],"replies":[{"embeddable":true,"href":"https:\/\/portal.sma.gob.cl\/index.php\/wp-json\/wp\/v2\/comments?post=19156"}],"version-history":[{"count":3,"href":"https:\/\/portal.sma.gob.cl\/index.php\/wp-json\/wp\/v2\/posts\/19156\/revisions"}],"predecessor-version":[{"id":19168,"href":"https:\/\/portal.sma.gob.cl\/index.php\/wp-json\/wp\/v2\/posts\/19156\/revisions\/19168"}],"wp:featuredmedia":[{"embeddable":true,"href":"https:\/\/portal.sma.gob.cl\/index.php\/wp-json\/wp\/v2\/media\/19158"}],"wp:attachment":[{"href":"https:\/\/portal.sma.gob.cl\/index.php\/wp-json\/wp\/v2\/media?parent=19156"}],"wp:term":[{"taxonomy":"category","embeddable":true,"href":"https:\/\/portal.sma.gob.cl\/index.php\/wp-json\/wp\/v2\/categories?post=19156"},{"taxonomy":"post_tag","embeddable":true,"href":"https:\/\/portal.sma.gob.cl\/index.php\/wp-json\/wp\/v2\/tags?post=19156"}],"curies":[{"name":"wp","href":"https:\/\/api.w.org\/{rel}","templated":true}]}}