{"id":19169,"date":"2019-10-15T09:59:37","date_gmt":"2019-10-15T12:59:37","guid":{"rendered":"https:\/\/portal.sma.gob.cl\/?p=19169"},"modified":"2019-10-15T09:59:37","modified_gmt":"2019-10-15T12:59:37","slug":"antofagasta-sma-invita-a-taller-sobre-el-sistema-de-entidades-tecnicas-de-fiscalizacion-ambiental-etfa","status":"publish","type":"post","link":"https:\/\/portal.sma.gob.cl\/index.php\/antofagasta-sma-invita-a-taller-sobre-el-sistema-de-entidades-tecnicas-de-fiscalizacion-ambiental-etfa\/","title":{"rendered":"Antofagasta: SMA invita a Taller sobre el Sistema de Entidades T\u00e9cnicas de Fiscalizaci\u00f3n Ambiental (ETFA)"},"content":{"rendered":"<p><strong>Se realizar\u00e1 ma\u00f1ana en la ciudad de Antofagasta, y est\u00e1 dirigido principalmente a Entidades T\u00e9cnicas de Fiscalizaci\u00f3n Ambiental (ETFA), Inspectores Ambientales, titulares, y a laboratorios u organizaciones interesadas en autorizarse como ETFA, que ejecuten actividades dentro del \u00e1mbito ambiental.<\/strong><\/p>\n<p><strong>Antofagasta, 15 de octubre de 2019.<\/strong>\u00a0En el marco de la promoci\u00f3n al cumplimiento, la <strong>Superintendencia del Medio Ambiente (SMA)<\/strong> invita al taller de difusi\u00f3n de antecedentes sobre Entidades T\u00e9cnicas de Fiscalizaci\u00f3n Ambiental (ETFA), a realizarse el d\u00eda mi\u00e9rcoles <strong>16 de octubre de 2019, de 10:30 a 12:30 horas, <\/strong>en el Auditorio de la Biblioteca Regional Antofagasta, ubicado en la calle Jorge Washington 2623, Antofagasta.<\/p>\n<p>Si desea participar, debe enviar un correo oficina.antofagasta@sma.gob.cl indicando nombre cargo, empresa o instituci\u00f3n o al tel\u00e9fono +56552530385. Los interesados en asistir a la actividad, deber\u00e1n inscribirse previamente, <strong>ya que los cupos son limitados<\/strong>.<\/p>\n<p>&nbsp;<\/p>\n<p>&nbsp;<\/p>\n","protected":false},"excerpt":{"rendered":"<p>Se realizar\u00e1 ma\u00f1ana en la ciudad de Antofagasta, y est\u00e1 dirigido principalmente a Entidades T\u00e9cnicas de Fiscalizaci\u00f3n Ambiental (ETFA), Inspectores Ambientales, titulares, y a laboratorios u organizaciones interesadas en autorizarse como ETFA, que ejecuten actividades dentro del \u00e1mbito ambiental. Antofagasta, 15 de octubre de 2019.\u00a0En el marco de la promoci\u00f3n al cumplimiento, la Superintendencia del Medio <a href=\"https:\/\/portal.sma.gob.cl\/index.php\/antofagasta-sma-invita-a-taller-sobre-el-sistema-de-entidades-tecnicas-de-fiscalizacion-ambiental-etfa\/\">Leer m\u00e1s<\/a><\/p>\n","protected":false},"author":8,"featured_media":19171,"comment_status":"open","ping_status":"open","sticky":false,"template":"","format":"standard","meta":{"footnotes":""},"categories":[107,94],"tags":[],"class_list":["post-19169","post","type-post","status-publish","format-standard","has-post-thumbnail","hentry","category-destacado","category-notas-noticias"],"_links":{"self":[{"href":"https:\/\/portal.sma.gob.cl\/index.php\/wp-json\/wp\/v2\/posts\/19169","targetHints":{"allow":["GET"]}}],"collection":[{"href":"https:\/\/portal.sma.gob.cl\/index.php\/wp-json\/wp\/v2\/posts"}],"about":[{"href":"https:\/\/portal.sma.gob.cl\/index.php\/wp-json\/wp\/v2\/types\/post"}],"author":[{"embeddable":true,"href":"https:\/\/portal.sma.gob.cl\/index.php\/wp-json\/wp\/v2\/users\/8"}],"replies":[{"embeddable":true,"href":"https:\/\/portal.sma.gob.cl\/index.php\/wp-json\/wp\/v2\/comments?post=19169"}],"version-history":[{"count":1,"href":"https:\/\/portal.sma.gob.cl\/index.php\/wp-json\/wp\/v2\/posts\/19169\/revisions"}],"predecessor-version":[{"id":19170,"href":"https:\/\/portal.sma.gob.cl\/index.php\/wp-json\/wp\/v2\/posts\/19169\/revisions\/19170"}],"wp:featuredmedia":[{"embeddable":true,"href":"https:\/\/portal.sma.gob.cl\/index.php\/wp-json\/wp\/v2\/media\/19171"}],"wp:attachment":[{"href":"https:\/\/portal.sma.gob.cl\/index.php\/wp-json\/wp\/v2\/media?parent=19169"}],"wp:term":[{"taxonomy":"category","embeddable":true,"href":"https:\/\/portal.sma.gob.cl\/index.php\/wp-json\/wp\/v2\/categories?post=19169"},{"taxonomy":"post_tag","embeddable":true,"href":"https:\/\/portal.sma.gob.cl\/index.php\/wp-json\/wp\/v2\/tags?post=19169"}],"curies":[{"name":"wp","href":"https:\/\/api.w.org\/{rel}","templated":true}]}}