{"id":19179,"date":"2019-10-22T12:59:53","date_gmt":"2019-10-22T15:59:53","guid":{"rendered":"https:\/\/portal.sma.gob.cl\/?p=19179"},"modified":"2019-10-22T12:59:53","modified_gmt":"2019-10-22T15:59:53","slug":"sma-dispone-suspension-de-plazos-en-procedimientos-de-fiscalizacion-y-sancion","status":"publish","type":"post","link":"https:\/\/portal.sma.gob.cl\/index.php\/sma-dispone-suspension-de-plazos-en-procedimientos-de-fiscalizacion-y-sancion\/","title":{"rendered":"SMA dispone suspensi\u00f3n de plazos en procedimientos de fiscalizaci\u00f3n y sanci\u00f3n"},"content":{"rendered":"<p><strong>Luego que el Ministerio del Interior y Seguridad P\u00fablica decretara Estado de Emergencia en varias zonas del pa\u00eds, producto de las manifestaciones sociales registradas en los \u00faltimos d\u00edas. La suspensi\u00f3n se extender\u00e1 hasta el d\u00eda 25 de octubre del presente a\u00f1o.<\/strong><\/p>\n<p><strong>Santiago, 22 de octubre de 2019.<\/strong>\u00a0El Superintendente del Medio Ambiente (SMA), Crist\u00f3bal de La Maza suspendi\u00f3 a partir del d\u00eda 21 de octubre del presente per\u00edodo, y a trav\u00e9s de la Res Ex N\u00b0 1453\/2019, los plazos asociados a la totalidad de los procedimientos seguidos ante esta Superintendencia, as\u00ed como los plazos entregados para el cumplimiento de medidas, requerimientos informaci\u00f3n, y cualquier otra actuaci\u00f3n de dicha naturaleza, asociada al ejercicio de las facultades de fiscalizaci\u00f3n y sancionatoria.<\/p>\n<p>La acci\u00f3n se extender\u00e1 hasta el d\u00eda 25 de octubre de 2019 (incluido esta fecha), y tiene por objeto que los ciudadanos y la comunidad regulada cuenten con m\u00e1s plazo para que la entrega de sus antecedentes y la ejecuci\u00f3n de sus acciones en los procedimientos, considerando la situaci\u00f3n de emergencia.<\/p>\n<p>Para una mejor coordinaci\u00f3n interna de la SMA, el Superintendente del Medio Ambiente hizo extensiva esta decisi\u00f3n a todo el pa\u00eds.<\/p>\n<p>Para conocer m\u00e1s detalle, <a href=\"https:\/\/portal.sma.gob.cl\/index.php\/download\/re-1453\/?wpdmdl=19181&amp;masterkey=5daf262d2c824\" target=\"_blank\" rel=\"noopener noreferrer\">descargar Res Ex N\u00b0 1453\/2019.<\/a><\/p>\n","protected":false},"excerpt":{"rendered":"<p>Luego que el Ministerio del Interior y Seguridad P\u00fablica decretara Estado de Emergencia en varias zonas del pa\u00eds, producto de las manifestaciones sociales registradas en los \u00faltimos d\u00edas. La suspensi\u00f3n se extender\u00e1 hasta el d\u00eda 25 de octubre del presente a\u00f1o. Santiago, 22 de octubre de 2019.\u00a0El Superintendente del Medio Ambiente (SMA), Crist\u00f3bal de La Maza <a href=\"https:\/\/portal.sma.gob.cl\/index.php\/sma-dispone-suspension-de-plazos-en-procedimientos-de-fiscalizacion-y-sancion\/\">Leer m\u00e1s<\/a><\/p>\n","protected":false},"author":8,"featured_media":14696,"comment_status":"open","ping_status":"open","sticky":false,"template":"","format":"standard","meta":{"footnotes":""},"categories":[107,94],"tags":[],"class_list":["post-19179","post","type-post","status-publish","format-standard","has-post-thumbnail","hentry","category-destacado","category-notas-noticias"],"_links":{"self":[{"href":"https:\/\/portal.sma.gob.cl\/index.php\/wp-json\/wp\/v2\/posts\/19179","targetHints":{"allow":["GET"]}}],"collection":[{"href":"https:\/\/portal.sma.gob.cl\/index.php\/wp-json\/wp\/v2\/posts"}],"about":[{"href":"https:\/\/portal.sma.gob.cl\/index.php\/wp-json\/wp\/v2\/types\/post"}],"author":[{"embeddable":true,"href":"https:\/\/portal.sma.gob.cl\/index.php\/wp-json\/wp\/v2\/users\/8"}],"replies":[{"embeddable":true,"href":"https:\/\/portal.sma.gob.cl\/index.php\/wp-json\/wp\/v2\/comments?post=19179"}],"version-history":[{"count":2,"href":"https:\/\/portal.sma.gob.cl\/index.php\/wp-json\/wp\/v2\/posts\/19179\/revisions"}],"predecessor-version":[{"id":19182,"href":"https:\/\/portal.sma.gob.cl\/index.php\/wp-json\/wp\/v2\/posts\/19179\/revisions\/19182"}],"wp:featuredmedia":[{"embeddable":true,"href":"https:\/\/portal.sma.gob.cl\/index.php\/wp-json\/wp\/v2\/media\/14696"}],"wp:attachment":[{"href":"https:\/\/portal.sma.gob.cl\/index.php\/wp-json\/wp\/v2\/media?parent=19179"}],"wp:term":[{"taxonomy":"category","embeddable":true,"href":"https:\/\/portal.sma.gob.cl\/index.php\/wp-json\/wp\/v2\/categories?post=19179"},{"taxonomy":"post_tag","embeddable":true,"href":"https:\/\/portal.sma.gob.cl\/index.php\/wp-json\/wp\/v2\/tags?post=19179"}],"curies":[{"name":"wp","href":"https:\/\/api.w.org\/{rel}","templated":true}]}}