{"id":19198,"date":"2019-10-23T15:04:48","date_gmt":"2019-10-23T18:04:48","guid":{"rendered":"https:\/\/portal.sma.gob.cl\/?p=19198"},"modified":"2019-10-23T15:04:48","modified_gmt":"2019-10-23T18:04:48","slug":"los-lagos-sma-realiza-proceso-de-consulta-regional-en-el-contexto-del-programa-rca-2020","status":"publish","type":"post","link":"https:\/\/portal.sma.gob.cl\/index.php\/los-lagos-sma-realiza-proceso-de-consulta-regional-en-el-contexto-del-programa-rca-2020\/","title":{"rendered":"Los Lagos: SMA realiza Proceso de Consulta Regional en el contexto del Programa RCA 2020"},"content":{"rendered":"<p><strong>Basado en la Resoluci\u00f3n Exenta N\u00b01.171 del 2015 de la SMA, y que regula el proceso de elaboraci\u00f3n de Programas y Subprogramas de Fiscalizaci\u00f3n de Resoluciones de Calificaci\u00f3n Ambiental (RCA).<\/strong><\/p>\n<p><strong>Puerto Montt, 23 de octubre de 2019.<\/strong>\u00a0La Superintendencia del Medio Ambiente (SMA) realiz\u00f3 durante la jornada de ayer, la reuni\u00f3n anual para la consulta regional, a los organismos sectoriales miembros de la Red Nacional de Fiscalizaci\u00f3n Ambiental (RENFA) con una asistencia de 12 representantes, entre ellos, del Servicio Agr\u00edcola y Ganadero (SAG), Corporaci\u00f3n Nacional de Desarrollo Ind\u00edgena (CONADI), Direcci\u00f3n General de Aguas (DGA), Servicio Nacional de Pesca (SERNAPESCA), Direcci\u00f3n General de Territorio Mar\u00edtimo y de Marina Mercante (DIRECTEMAR), Subsecretar\u00eda de Pesca (SUBPESCA) y Corporaci\u00f3n Nacional Forestal (CONAF).<\/p>\n<p>La actividad tuvo como foco seleccionar y priorizar un n\u00famero acotado de Unidades Fiscalizables que cuentan con RCA, y que ser\u00e1n fiscalizados durante el a\u00f1o 2020. Para la construcci\u00f3n del Programa de Fiscalizaci\u00f3n, se elabor\u00f3 un modelo que considera la integraci\u00f3n de informaci\u00f3n de distintas fuentes, y que fue desarrollado por la Divisi\u00f3n de Fiscalizaci\u00f3n de la SMA.\u00a0 \u201cPara este a\u00f1o en espec\u00edfico, el modelo releva a los proyectos estrat\u00e9gicos, complejos, los que est\u00e1n ubicados en zonas prioritarias por vulnerabilidad territorial y tambi\u00e9n los proyectos a\u00fan no fiscalizados por RCA\u201d, se\u00f1al\u00f3 Ivonne Mansilla, Jefa de la Oficina Regional SMA de Los Lagos.<\/p>\n<p>Por \u00faltimo, durante el encuentro, profesionales de la Oficina Regional de Los Lagos de la SMA realizaron un peque\u00f1o pero significativo reconocimiento a la labor que realiza Gerardo Elzo, funcionario de la CONAF Regional, por el valioso y constante aporte que ha desarrollado en materia de fiscalizaci\u00f3n ambiental para la Regi\u00f3n.<\/p>\n","protected":false},"excerpt":{"rendered":"<p>Basado en la Resoluci\u00f3n Exenta N\u00b01.171 del 2015 de la SMA, y que regula el proceso de elaboraci\u00f3n de Programas y Subprogramas de Fiscalizaci\u00f3n de Resoluciones de Calificaci\u00f3n Ambiental (RCA). Puerto Montt, 23 de octubre de 2019.\u00a0La Superintendencia del Medio Ambiente (SMA) realiz\u00f3 durante la jornada de ayer, la reuni\u00f3n anual para la consulta regional, a <a href=\"https:\/\/portal.sma.gob.cl\/index.php\/los-lagos-sma-realiza-proceso-de-consulta-regional-en-el-contexto-del-programa-rca-2020\/\">Leer m\u00e1s<\/a><\/p>\n","protected":false},"author":8,"featured_media":19200,"comment_status":"open","ping_status":"open","sticky":false,"template":"","format":"standard","meta":{"footnotes":""},"categories":[107,94],"tags":[],"class_list":["post-19198","post","type-post","status-publish","format-standard","has-post-thumbnail","hentry","category-destacado","category-notas-noticias"],"_links":{"self":[{"href":"https:\/\/portal.sma.gob.cl\/index.php\/wp-json\/wp\/v2\/posts\/19198","targetHints":{"allow":["GET"]}}],"collection":[{"href":"https:\/\/portal.sma.gob.cl\/index.php\/wp-json\/wp\/v2\/posts"}],"about":[{"href":"https:\/\/portal.sma.gob.cl\/index.php\/wp-json\/wp\/v2\/types\/post"}],"author":[{"embeddable":true,"href":"https:\/\/portal.sma.gob.cl\/index.php\/wp-json\/wp\/v2\/users\/8"}],"replies":[{"embeddable":true,"href":"https:\/\/portal.sma.gob.cl\/index.php\/wp-json\/wp\/v2\/comments?post=19198"}],"version-history":[{"count":1,"href":"https:\/\/portal.sma.gob.cl\/index.php\/wp-json\/wp\/v2\/posts\/19198\/revisions"}],"predecessor-version":[{"id":19199,"href":"https:\/\/portal.sma.gob.cl\/index.php\/wp-json\/wp\/v2\/posts\/19198\/revisions\/19199"}],"wp:featuredmedia":[{"embeddable":true,"href":"https:\/\/portal.sma.gob.cl\/index.php\/wp-json\/wp\/v2\/media\/19200"}],"wp:attachment":[{"href":"https:\/\/portal.sma.gob.cl\/index.php\/wp-json\/wp\/v2\/media?parent=19198"}],"wp:term":[{"taxonomy":"category","embeddable":true,"href":"https:\/\/portal.sma.gob.cl\/index.php\/wp-json\/wp\/v2\/categories?post=19198"},{"taxonomy":"post_tag","embeddable":true,"href":"https:\/\/portal.sma.gob.cl\/index.php\/wp-json\/wp\/v2\/tags?post=19198"}],"curies":[{"name":"wp","href":"https:\/\/api.w.org\/{rel}","templated":true}]}}