{"id":19201,"date":"2019-10-24T12:00:45","date_gmt":"2019-10-24T15:00:45","guid":{"rendered":"https:\/\/portal.sma.gob.cl\/?p=19201"},"modified":"2019-10-24T12:00:45","modified_gmt":"2019-10-24T15:00:45","slug":"superintendente-se-reune-con-ministros-del-tribunal-ambiental-de-santiago","status":"publish","type":"post","link":"https:\/\/portal.sma.gob.cl\/index.php\/superintendente-se-reune-con-ministros-del-tribunal-ambiental-de-santiago\/","title":{"rendered":"Superintendente se re\u00fane con ministros del Tribunal Ambiental de Santiago"},"content":{"rendered":"<p><strong>Con el objetivo de revisar temas vinculados al quehacer y a los desaf\u00edos establecidos por cada instituci\u00f3n.<\/strong><\/p>\n<p><strong>Santiago, 24 de octubre de 2019.<\/strong>\u00a0El Superintendente del Medio Ambiente, Crist\u00f3bal de La Maza visit\u00f3 ayer las dependencias del Ilustre Segundo Tribunal Ambiental de Santiago para dar un saludo protocolar a los ministros que integran el \u00f3rgano jurisdiccional. En la reuni\u00f3n estuvieron presente el Ministro Presidente del Tribunal Ambiental de Santiago, Cristi\u00e1n Delpiano, y los ministros Alejandro Ruiz y Felipe Sabando. Durante el encuentro tambi\u00e9n se abordaron temas vinculados al quehacer y a los desaf\u00edos establecidos por parte cada instituci\u00f3n ambiental.<\/p>\n<p>Tras la actividad, el Superintendente de La Maza sostuvo que \u201ccon los ministros del Segundo Tribunal Ambiental, conversamos sobre las tareas y metas de cada organismo, tambi\u00e9n analizamos uno de los compromisos fundamentales que tenemos hoy como institucionalidad ambiental, enfocados en dar respuesta oportuna a las denuncias y otros requerimientos de la ciudadan\u00eda\u201d, sostuvo la autoridad.<\/p>\n<p>Cabe recordar, que los Tribunales Ambientales son un \u00f3rgano jurisdiccional especial, aut\u00f3nomo e independiente, cuya funci\u00f3n es resolver las controversias medioambientales de su competencia y ocuparse de los dem\u00e1s asuntos que la ley somete a su conocimiento.<\/p>\n","protected":false},"excerpt":{"rendered":"<p>Con el objetivo de revisar temas vinculados al quehacer y a los desaf\u00edos establecidos por cada instituci\u00f3n. Santiago, 24 de octubre de 2019.\u00a0El Superintendente del Medio Ambiente, Crist\u00f3bal de La Maza visit\u00f3 ayer las dependencias del Ilustre Segundo Tribunal Ambiental de Santiago para dar un saludo protocolar a los ministros que integran el \u00f3rgano jurisdiccional. En <a href=\"https:\/\/portal.sma.gob.cl\/index.php\/superintendente-se-reune-con-ministros-del-tribunal-ambiental-de-santiago\/\">Leer m\u00e1s<\/a><\/p>\n","protected":false},"author":8,"featured_media":19203,"comment_status":"open","ping_status":"open","sticky":false,"template":"","format":"standard","meta":{"footnotes":""},"categories":[107,94],"tags":[],"class_list":["post-19201","post","type-post","status-publish","format-standard","has-post-thumbnail","hentry","category-destacado","category-notas-noticias"],"_links":{"self":[{"href":"https:\/\/portal.sma.gob.cl\/index.php\/wp-json\/wp\/v2\/posts\/19201","targetHints":{"allow":["GET"]}}],"collection":[{"href":"https:\/\/portal.sma.gob.cl\/index.php\/wp-json\/wp\/v2\/posts"}],"about":[{"href":"https:\/\/portal.sma.gob.cl\/index.php\/wp-json\/wp\/v2\/types\/post"}],"author":[{"embeddable":true,"href":"https:\/\/portal.sma.gob.cl\/index.php\/wp-json\/wp\/v2\/users\/8"}],"replies":[{"embeddable":true,"href":"https:\/\/portal.sma.gob.cl\/index.php\/wp-json\/wp\/v2\/comments?post=19201"}],"version-history":[{"count":1,"href":"https:\/\/portal.sma.gob.cl\/index.php\/wp-json\/wp\/v2\/posts\/19201\/revisions"}],"predecessor-version":[{"id":19202,"href":"https:\/\/portal.sma.gob.cl\/index.php\/wp-json\/wp\/v2\/posts\/19201\/revisions\/19202"}],"wp:featuredmedia":[{"embeddable":true,"href":"https:\/\/portal.sma.gob.cl\/index.php\/wp-json\/wp\/v2\/media\/19203"}],"wp:attachment":[{"href":"https:\/\/portal.sma.gob.cl\/index.php\/wp-json\/wp\/v2\/media?parent=19201"}],"wp:term":[{"taxonomy":"category","embeddable":true,"href":"https:\/\/portal.sma.gob.cl\/index.php\/wp-json\/wp\/v2\/categories?post=19201"},{"taxonomy":"post_tag","embeddable":true,"href":"https:\/\/portal.sma.gob.cl\/index.php\/wp-json\/wp\/v2\/tags?post=19201"}],"curies":[{"name":"wp","href":"https:\/\/api.w.org\/{rel}","templated":true}]}}