{"id":19204,"date":"2019-10-24T14:30:58","date_gmt":"2019-10-24T17:30:58","guid":{"rendered":"https:\/\/portal.sma.gob.cl\/?p=19204"},"modified":"2019-10-25T12:46:01","modified_gmt":"2019-10-25T15:46:01","slug":"sma-ordena-medidas-provisionales-de-suspension-parcial-a-etfa-algoritmo-y-mediciones-ambientales-spa","status":"publish","type":"post","link":"https:\/\/portal.sma.gob.cl\/index.php\/sma-ordena-medidas-provisionales-de-suspension-parcial-a-etfa-algoritmo-y-mediciones-ambientales-spa\/","title":{"rendered":"SMA ordena Medidas Provisionales de suspensi\u00f3n parcial a ETFA Algoritmos y Mediciones Ambientales SpA"},"content":{"rendered":"<p><strong>Luego de constatar que se encuentra con un alcance suspendido en su certificado de acreditaci\u00f3n LE1080 emitido por el Instituto Nacional de Normalizaci\u00f3n (INN).<\/strong><\/p>\n<p><strong>Santiago, 24 de octubre de 2019. <\/strong>El Superintendente del Medio Ambiente (SMA), Crist\u00f3bal de La Maza orden\u00f3 Medidas Provisionales de suspensi\u00f3n parcial a la Entidad T\u00e9cnica de Fiscalizaci\u00f3n Ambiental (ETFA) \u201cAlgoritmos y Mediciones Ambientales SpA\u201d sucursal casa Matriz, c\u00f3digo 015-01, en los alcances individualizados en la tabla N\u00b01 detallados en la Res. EX 1431\/2019. La acci\u00f3n obedece, luego de constatar que dicha ETFA se encuentra con un alcance suspendido en su certificado de acreditaci\u00f3n LE1080 emitido por el Instituto Nacional de Normalizaci\u00f3n (INN).<\/p>\n<p>La medida tendr\u00e1 un plazo de 15 d\u00edas h\u00e1biles desde que fue notificada la ETFA. Adem\u00e1s, tendr\u00e1 10 d\u00edas h\u00e1biles para acompa\u00f1ar los antecedentes que estime pertinente para acreditar el cumplimiento de las disposiciones contenidas en el reglamento ETFA.<\/p>\n<p>El detalle de cada una de las Medidas Provisionales se encuentra disponible en el Registro P\u00fablico ETFA: <a href=\"http:\/\/entidadestecnicas.sma.gob.cl\/Home\/ListadoEtfas\">http:\/\/entidadestecnicas.sma.gob.cl\/Home\/ListadoEtfas<\/a><\/p>\n","protected":false},"excerpt":{"rendered":"<p>Luego de constatar que se encuentra con un alcance suspendido en su certificado de acreditaci\u00f3n LE1080 emitido por el Instituto Nacional de Normalizaci\u00f3n (INN). Santiago, 24 de octubre de 2019. El Superintendente del Medio Ambiente (SMA), Crist\u00f3bal de La Maza orden\u00f3 Medidas Provisionales de suspensi\u00f3n parcial a la Entidad T\u00e9cnica de Fiscalizaci\u00f3n Ambiental (ETFA) \u201cAlgoritmos y <a href=\"https:\/\/portal.sma.gob.cl\/index.php\/sma-ordena-medidas-provisionales-de-suspension-parcial-a-etfa-algoritmo-y-mediciones-ambientales-spa\/\">Leer m\u00e1s<\/a><\/p>\n","protected":false},"author":8,"featured_media":19206,"comment_status":"open","ping_status":"open","sticky":false,"template":"","format":"standard","meta":{"footnotes":""},"categories":[107,94],"tags":[],"class_list":["post-19204","post","type-post","status-publish","format-standard","has-post-thumbnail","hentry","category-destacado","category-notas-noticias"],"_links":{"self":[{"href":"https:\/\/portal.sma.gob.cl\/index.php\/wp-json\/wp\/v2\/posts\/19204","targetHints":{"allow":["GET"]}}],"collection":[{"href":"https:\/\/portal.sma.gob.cl\/index.php\/wp-json\/wp\/v2\/posts"}],"about":[{"href":"https:\/\/portal.sma.gob.cl\/index.php\/wp-json\/wp\/v2\/types\/post"}],"author":[{"embeddable":true,"href":"https:\/\/portal.sma.gob.cl\/index.php\/wp-json\/wp\/v2\/users\/8"}],"replies":[{"embeddable":true,"href":"https:\/\/portal.sma.gob.cl\/index.php\/wp-json\/wp\/v2\/comments?post=19204"}],"version-history":[{"count":3,"href":"https:\/\/portal.sma.gob.cl\/index.php\/wp-json\/wp\/v2\/posts\/19204\/revisions"}],"predecessor-version":[{"id":19210,"href":"https:\/\/portal.sma.gob.cl\/index.php\/wp-json\/wp\/v2\/posts\/19204\/revisions\/19210"}],"wp:featuredmedia":[{"embeddable":true,"href":"https:\/\/portal.sma.gob.cl\/index.php\/wp-json\/wp\/v2\/media\/19206"}],"wp:attachment":[{"href":"https:\/\/portal.sma.gob.cl\/index.php\/wp-json\/wp\/v2\/media?parent=19204"}],"wp:term":[{"taxonomy":"category","embeddable":true,"href":"https:\/\/portal.sma.gob.cl\/index.php\/wp-json\/wp\/v2\/categories?post=19204"},{"taxonomy":"post_tag","embeddable":true,"href":"https:\/\/portal.sma.gob.cl\/index.php\/wp-json\/wp\/v2\/tags?post=19204"}],"curies":[{"name":"wp","href":"https:\/\/api.w.org\/{rel}","templated":true}]}}