{"id":19265,"date":"2019-11-07T12:12:18","date_gmt":"2019-11-07T15:12:18","guid":{"rendered":"https:\/\/portal.sma.gob.cl\/?p=19265"},"modified":"2019-11-07T14:33:59","modified_gmt":"2019-11-07T17:33:59","slug":"sma-informa-las-fiscalizaciones-realizadas-al-plan-de-descontaminacion-atmosferica-de-osorno-pdao","status":"publish","type":"post","link":"https:\/\/portal.sma.gob.cl\/index.php\/sma-informa-las-fiscalizaciones-realizadas-al-plan-de-descontaminacion-atmosferica-de-osorno-pdao\/","title":{"rendered":"SMA informa las fiscalizaciones realizadas al Plan de Descontaminaci\u00f3n Atmosf\u00e9rica de Osorno (PDAO)"},"content":{"rendered":"<p><strong>En el marco del Plan de Descontaminaci\u00f3n Atmosf\u00e9rica de la comuna de Osorno, la SMA en conjunto con la SEREMI del Medio Ambiente y la SEREMI de Salud, dieron cuenta de las actividades de fiscalizaci\u00f3n realizadas durante este 2019 y el balance de ellas.<\/strong><\/p>\n<p><strong>Osorno, 4 \u00a0Noviembre de 2019.<\/strong>\u00a0La Superintendencia del Medio Ambiente (SMA) realiz\u00f3 en el Edificio de la C\u00e1mara Chilena de la Construcci\u00f3n, un punto de prensa y una presentaci\u00f3n a dirigentes de la Red Ambiental Ciudadana de Osorno, en conjunto con otros servicios p\u00fablicos que tienen a su cargo implementar medidas de la Plan de Descontaminaci\u00f3n Atmosf\u00e9rica de Osorno (PDAO), como la Seremi de Medio Ambiente, SEREMI del Deporte y la SEREMI de Salud.<\/p>\n<p>En esta presentaci\u00f3n, la jefa regional de la SMA, Ivonne Mansilla, expuso respecto del rol de la Superintendencia en el Plan de Descontaminaci\u00f3n, las fiscalizaciones realizadas durante el a\u00f1o 2019, los procedimientos sancionatorios en curso y las medidas que se fiscalizar\u00e1n para el pr\u00f3ximo a\u00f1o 2020.<\/p>\n<p>Especialmente, tambi\u00e9n se destac\u00f3 el trabajo realizado este a\u00f1o con los comerciantes de le\u00f1a as\u00ed como con los comerciantes de establecimientos privados que usan artefactos a le\u00f1a, para que un plazo acotado puedan dar cumplimiento en su totalidad a las medidas establecidas en dicho Plan.<\/p>\n<p>\u201cEs importante destacar que se realizaron en total 110 fiscalizaciones, entre ellas a calderas, al uso de chimeneas de hogar abierto en establecimientos p\u00fablicos y privados, al igual que el uso de artefactos a le\u00f1a en locales comerciales y edificios municipales, a los planes de compensaci\u00f3n de emisiones y al comercio de le\u00f1a\u201d, explic\u00f3 Mansilla.<\/p>\n<p>A continuaci\u00f3n, un detalle de la cantidad de fiscalizaciones realizadas por la Superintendencia del Medio Ambiente:<\/p>\n<p>&nbsp;<\/p>\n<table class=\"table-1\">\n<tbody>\n<tr>\n<td width=\"114\"><strong>Servicio<\/strong><\/td>\n<td width=\"261\"><strong>Medida<\/strong><\/td>\n<td width=\"79\"><strong>N\u00b0 de actividades realizadas<\/strong><\/td>\n<\/tr>\n<tr>\n<td rowspan=\"3\" width=\"114\">Superintendencia del Medio Ambiente (SMA)<\/td>\n<td width=\"261\">L\u00edmite de emisi\u00f3n de MP y SO2 y eficiencia, para calderas nuevas y existentes. Mediciones discretas<\/td>\n<td width=\"79\">34<\/td>\n<\/tr>\n<tr>\n<td width=\"261\">Uso de chimeneas de hogar abierto en establecimientos p\u00fablicos y privados<\/td>\n<td width=\"79\">9<\/td>\n<\/tr>\n<tr>\n<td width=\"261\">Uso de artefactos a le\u00f1a en establecimientos comerciales\/OAE\/Edificios municipales<\/td>\n<td width=\"79\">19<\/td>\n<\/tr>\n<tr>\n<td width=\"114\"><\/td>\n<td width=\"261\">Comercializaci\u00f3n de le\u00f1a seca, uso de xilohigr\u00f3metro, Tabla de conversi\u00f3n cal\u00f3rica e informaci\u00f3n al cliente<\/td>\n<td width=\"79\">17<\/td>\n<\/tr>\n<tr>\n<td width=\"114\"><\/td>\n<td width=\"261\">Compensaci\u00f3n de emisiones de MP para proyectos que generen sobre 1 ton\/a\u00f1o en cualquiera de sus etapas.<\/td>\n<td width=\"79\">1<\/td>\n<\/tr>\n<tr>\n<td width=\"114\">SEREMI de Salud<\/td>\n<td width=\"261\">L\u00edmite de emisi\u00f3n de MP y SO2 y eficiencia, para calderas nuevas y existentes. Mediciones discretas<\/td>\n<td width=\"79\">30<\/td>\n<\/tr>\n<tr>\n<td width=\"114\"><strong>TOTAL<\/strong><\/td>\n<td width=\"261\"><\/td>\n<td width=\"79\"><strong>110<\/strong><\/td>\n<\/tr>\n<\/tbody>\n<\/table>\n<p>&nbsp;<\/p>\n","protected":false},"excerpt":{"rendered":"<p>En el marco del Plan de Descontaminaci\u00f3n Atmosf\u00e9rica de la comuna de Osorno, la SMA en conjunto con la SEREMI del Medio Ambiente y la SEREMI de Salud, dieron cuenta de las actividades de fiscalizaci\u00f3n realizadas durante este 2019 y el balance de ellas. Osorno, 4 \u00a0Noviembre de 2019.\u00a0La Superintendencia del Medio Ambiente (SMA) realiz\u00f3 en <a href=\"https:\/\/portal.sma.gob.cl\/index.php\/sma-informa-las-fiscalizaciones-realizadas-al-plan-de-descontaminacion-atmosferica-de-osorno-pdao\/\">Leer m\u00e1s<\/a><\/p>\n","protected":false},"author":9,"featured_media":19269,"comment_status":"open","ping_status":"open","sticky":false,"template":"","format":"standard","meta":{"footnotes":""},"categories":[90,107],"tags":[],"class_list":["post-19265","post","type-post","status-publish","format-standard","has-post-thumbnail","hentry","category-comunicados-noticias","category-destacado"],"_links":{"self":[{"href":"https:\/\/portal.sma.gob.cl\/index.php\/wp-json\/wp\/v2\/posts\/19265","targetHints":{"allow":["GET"]}}],"collection":[{"href":"https:\/\/portal.sma.gob.cl\/index.php\/wp-json\/wp\/v2\/posts"}],"about":[{"href":"https:\/\/portal.sma.gob.cl\/index.php\/wp-json\/wp\/v2\/types\/post"}],"author":[{"embeddable":true,"href":"https:\/\/portal.sma.gob.cl\/index.php\/wp-json\/wp\/v2\/users\/9"}],"replies":[{"embeddable":true,"href":"https:\/\/portal.sma.gob.cl\/index.php\/wp-json\/wp\/v2\/comments?post=19265"}],"version-history":[{"count":24,"href":"https:\/\/portal.sma.gob.cl\/index.php\/wp-json\/wp\/v2\/posts\/19265\/revisions"}],"predecessor-version":[{"id":19292,"href":"https:\/\/portal.sma.gob.cl\/index.php\/wp-json\/wp\/v2\/posts\/19265\/revisions\/19292"}],"wp:featuredmedia":[{"embeddable":true,"href":"https:\/\/portal.sma.gob.cl\/index.php\/wp-json\/wp\/v2\/media\/19269"}],"wp:attachment":[{"href":"https:\/\/portal.sma.gob.cl\/index.php\/wp-json\/wp\/v2\/media?parent=19265"}],"wp:term":[{"taxonomy":"category","embeddable":true,"href":"https:\/\/portal.sma.gob.cl\/index.php\/wp-json\/wp\/v2\/categories?post=19265"},{"taxonomy":"post_tag","embeddable":true,"href":"https:\/\/portal.sma.gob.cl\/index.php\/wp-json\/wp\/v2\/tags?post=19265"}],"curies":[{"name":"wp","href":"https:\/\/api.w.org\/{rel}","templated":true}]}}