{"id":19310,"date":"2019-11-15T10:58:39","date_gmt":"2019-11-15T13:58:39","guid":{"rendered":"https:\/\/portal.sma.gob.cl\/?p=19310"},"modified":"2019-11-19T11:56:41","modified_gmt":"2019-11-19T14:56:41","slug":"araucania-sma-participa-en-masiva-reunion-con-comunidades-de-sector-de-putue-de-villarrica","status":"publish","type":"post","link":"https:\/\/portal.sma.gob.cl\/index.php\/araucania-sma-participa-en-masiva-reunion-con-comunidades-de-sector-de-putue-de-villarrica\/","title":{"rendered":"Araucan\u00eda: SMA participa en masiva reuni\u00f3n con comunidades de sector de Put\u00fae de Villarrica"},"content":{"rendered":"<p><strong>Actividad se enmarca dentro del proceso de atenci\u00f3n de denuncias por afectaci\u00f3n en la calidad de vida de vecinos del sector.<\/strong><\/p>\n<p><strong>Temuco, 15 de noviembre de 2019.<\/strong> En el contexto del proceso de atenci\u00f3n de denuncias, profesionales de la Superintendencia del Medio Ambiente (SMA) de la regi\u00f3n de La Araucan\u00eda, en conjunto con 9 servicios p\u00fablicos m\u00e1s, se trasladaron el d\u00eda 08 de noviembre\u00a0 al sector Put\u00fae de Villarrica, para participar en una reuni\u00f3n convocada por dirigentes de la comunidad Pedro Ancalef. Esta tuvo por objetivo visibilizar la grave crisis ambiental y sanitaria de la localidad.<\/p>\n<p>La actividad se desarroll\u00f3 a trav\u00e9s de un recorrido por algunos de los principales proyectos existentes en el sector, junto al Lonko de la comunidad Sr. Jos\u00e9 Antilef Antilef, para luego trasladarse hasta el sector donde se ubica la tumba del Lonko Leandro Penchulef y el menoko de la comunidad.<\/p>\n<p>La reuni\u00f3n finaliz\u00f3 en la sede de la comunidad Pedro Ancalef, lugar donde la SMA inform\u00f3 sobre las actividades de fiscalizaci\u00f3n ejecutadas a la fecha, en atenci\u00f3n a la situaci\u00f3n que afecta a la comunidad, comprometiendo tambi\u00e9n acciones en un mediano y corto plazo. El encuentro continuar\u00e1 en un mes m\u00e1s, donde se informar\u00e1 los avances de las acciones comprometidas por esta Superintendencia y tambi\u00e9n de los distintos servicios p\u00fablicos que asistieron al encuentro.<\/p>\n","protected":false},"excerpt":{"rendered":"<p>Actividad se enmarca dentro del proceso de atenci\u00f3n de denuncias por afectaci\u00f3n en la calidad de vida de vecinos del sector. Temuco, 15 de noviembre de 2019. En el contexto del proceso de atenci\u00f3n de denuncias, profesionales de la Superintendencia del Medio Ambiente (SMA) de la regi\u00f3n de La Araucan\u00eda, en conjunto con 9 servicios p\u00fablicos <a href=\"https:\/\/portal.sma.gob.cl\/index.php\/araucania-sma-participa-en-masiva-reunion-con-comunidades-de-sector-de-putue-de-villarrica\/\">Leer m\u00e1s<\/a><\/p>\n","protected":false},"author":8,"featured_media":19311,"comment_status":"open","ping_status":"open","sticky":false,"template":"","format":"standard","meta":{"footnotes":""},"categories":[107,94],"tags":[],"class_list":["post-19310","post","type-post","status-publish","format-standard","has-post-thumbnail","hentry","category-destacado","category-notas-noticias"],"_links":{"self":[{"href":"https:\/\/portal.sma.gob.cl\/index.php\/wp-json\/wp\/v2\/posts\/19310","targetHints":{"allow":["GET"]}}],"collection":[{"href":"https:\/\/portal.sma.gob.cl\/index.php\/wp-json\/wp\/v2\/posts"}],"about":[{"href":"https:\/\/portal.sma.gob.cl\/index.php\/wp-json\/wp\/v2\/types\/post"}],"author":[{"embeddable":true,"href":"https:\/\/portal.sma.gob.cl\/index.php\/wp-json\/wp\/v2\/users\/8"}],"replies":[{"embeddable":true,"href":"https:\/\/portal.sma.gob.cl\/index.php\/wp-json\/wp\/v2\/comments?post=19310"}],"version-history":[{"count":3,"href":"https:\/\/portal.sma.gob.cl\/index.php\/wp-json\/wp\/v2\/posts\/19310\/revisions"}],"predecessor-version":[{"id":19324,"href":"https:\/\/portal.sma.gob.cl\/index.php\/wp-json\/wp\/v2\/posts\/19310\/revisions\/19324"}],"wp:featuredmedia":[{"embeddable":true,"href":"https:\/\/portal.sma.gob.cl\/index.php\/wp-json\/wp\/v2\/media\/19311"}],"wp:attachment":[{"href":"https:\/\/portal.sma.gob.cl\/index.php\/wp-json\/wp\/v2\/media?parent=19310"}],"wp:term":[{"taxonomy":"category","embeddable":true,"href":"https:\/\/portal.sma.gob.cl\/index.php\/wp-json\/wp\/v2\/categories?post=19310"},{"taxonomy":"post_tag","embeddable":true,"href":"https:\/\/portal.sma.gob.cl\/index.php\/wp-json\/wp\/v2\/tags?post=19310"}],"curies":[{"name":"wp","href":"https:\/\/api.w.org\/{rel}","templated":true}]}}