{"id":19319,"date":"2019-11-15T15:54:40","date_gmt":"2019-11-15T18:54:40","guid":{"rendered":"https:\/\/portal.sma.gob.cl\/?p=19319"},"modified":"2019-11-15T15:54:40","modified_gmt":"2019-11-15T18:54:40","slug":"region-metropolitana-oficina-regional-se-reune-con-titulares-de-rellenos-sanitarios-para-coordinacion-de-sus-planes-de-contingencia","status":"publish","type":"post","link":"https:\/\/portal.sma.gob.cl\/index.php\/region-metropolitana-oficina-regional-se-reune-con-titulares-de-rellenos-sanitarios-para-coordinacion-de-sus-planes-de-contingencia\/","title":{"rendered":"Regi\u00f3n Metropolitana: Oficina Regional se re\u00fane con titulares de rellenos sanitarios para coordinaci\u00f3n de sus planes de contingencia"},"content":{"rendered":"<p><strong>Producto de la paralizaci\u00f3n de trabajadores de empresas recolectoras de residuos que operan en la capital.<\/strong><\/p>\n<p><strong>Santiago, 15 de noviembre de 2019<\/strong>. La Oficina Regional Metropolitana de la Superintendencia del Medio Ambiente (SMA), encabezada por Mar\u00eda Isabel Mallea, convoc\u00f3 a una reuni\u00f3n de coordinaci\u00f3n con las empresas de rellenos sanitarios para la aplicaci\u00f3n de sus planes de contingencias, a ra\u00edz de la paralizaci\u00f3n -desde hace tres d\u00edas- de trabajadores de empresas recolectoras de residuos en la capital.<\/p>\n<p>Al encuentro, asistieron representantes de las empresas Consorcio Santa Marta S.A., Veolia SU Chile S.A., KDM S.A. y Gesti\u00f3n Ecol\u00f3gica de Residuos S.A., quienes informaron del estado de funcionamiento actual de cada relleno sanitario que opera en el Gran Santiago, sus planes de contingencia y de las acciones o medidas adicionales que est\u00e1n analizando para enfrentar esta coyuntura.<\/p>\n<p>\u201cEsta reuni\u00f3n tuvo por objetivo conocer el estado actual de funcionamiento de los rellenos sanitarios producto de la huelga de trabajadores de empresas recolectoras, y a la vez, conocer de forma directa todas las acciones de mitigaci\u00f3n consideradas para tal efecto. Adem\u00e1s, como Superintendencia les hemos solicitado que nos reporten inmediatamente si sus operaciones presentan alg\u00fan incidente\u201d, explic\u00f3 Mar\u00eda Isabel Mallea, Jefa de la Oficina RM de la SMA.<\/p>\n","protected":false},"excerpt":{"rendered":"<p>Producto de la paralizaci\u00f3n de trabajadores de empresas recolectoras de residuos que operan en la capital. Santiago, 15 de noviembre de 2019. La Oficina Regional Metropolitana de la Superintendencia del Medio Ambiente (SMA), encabezada por Mar\u00eda Isabel Mallea, convoc\u00f3 a una reuni\u00f3n de coordinaci\u00f3n con las empresas de rellenos sanitarios para la aplicaci\u00f3n de sus planes <a href=\"https:\/\/portal.sma.gob.cl\/index.php\/region-metropolitana-oficina-regional-se-reune-con-titulares-de-rellenos-sanitarios-para-coordinacion-de-sus-planes-de-contingencia\/\">Leer m\u00e1s<\/a><\/p>\n","protected":false},"author":8,"featured_media":19321,"comment_status":"open","ping_status":"open","sticky":false,"template":"","format":"standard","meta":{"footnotes":""},"categories":[107,94],"tags":[],"class_list":["post-19319","post","type-post","status-publish","format-standard","has-post-thumbnail","hentry","category-destacado","category-notas-noticias"],"_links":{"self":[{"href":"https:\/\/portal.sma.gob.cl\/index.php\/wp-json\/wp\/v2\/posts\/19319","targetHints":{"allow":["GET"]}}],"collection":[{"href":"https:\/\/portal.sma.gob.cl\/index.php\/wp-json\/wp\/v2\/posts"}],"about":[{"href":"https:\/\/portal.sma.gob.cl\/index.php\/wp-json\/wp\/v2\/types\/post"}],"author":[{"embeddable":true,"href":"https:\/\/portal.sma.gob.cl\/index.php\/wp-json\/wp\/v2\/users\/8"}],"replies":[{"embeddable":true,"href":"https:\/\/portal.sma.gob.cl\/index.php\/wp-json\/wp\/v2\/comments?post=19319"}],"version-history":[{"count":1,"href":"https:\/\/portal.sma.gob.cl\/index.php\/wp-json\/wp\/v2\/posts\/19319\/revisions"}],"predecessor-version":[{"id":19320,"href":"https:\/\/portal.sma.gob.cl\/index.php\/wp-json\/wp\/v2\/posts\/19319\/revisions\/19320"}],"wp:featuredmedia":[{"embeddable":true,"href":"https:\/\/portal.sma.gob.cl\/index.php\/wp-json\/wp\/v2\/media\/19321"}],"wp:attachment":[{"href":"https:\/\/portal.sma.gob.cl\/index.php\/wp-json\/wp\/v2\/media?parent=19319"}],"wp:term":[{"taxonomy":"category","embeddable":true,"href":"https:\/\/portal.sma.gob.cl\/index.php\/wp-json\/wp\/v2\/categories?post=19319"},{"taxonomy":"post_tag","embeddable":true,"href":"https:\/\/portal.sma.gob.cl\/index.php\/wp-json\/wp\/v2\/tags?post=19319"}],"curies":[{"name":"wp","href":"https:\/\/api.w.org\/{rel}","templated":true}]}}