{"id":19346,"date":"2019-11-25T11:58:56","date_gmt":"2019-11-25T14:58:56","guid":{"rendered":"https:\/\/portal.sma.gob.cl\/?p=19346"},"modified":"2019-11-25T15:51:22","modified_gmt":"2019-11-25T18:51:22","slug":"temuco-sma-ordena-medidas-provisionales-en-contra-de-empresa-constructora-por-ruidos-molestos","status":"publish","type":"post","link":"https:\/\/portal.sma.gob.cl\/index.php\/temuco-sma-ordena-medidas-provisionales-en-contra-de-empresa-constructora-por-ruidos-molestos\/","title":{"rendered":"Temuco: SMA ordena medidas provisionales en contra de empresa constructora por ruidos molestos"},"content":{"rendered":"<p><strong>La constructora W\u00f6rner, a cargo del proyecto \u201cSodimac \u2013 Centro Comercial Espacio Los Pablos\u201d, ha incumplido la Norma de Ruidos y deber\u00e1 adoptar medidas para mitigar su emisi\u00f3n y no afectar a vecinos.<\/strong><\/p>\n<p><strong>Temuco, 25 de noviembre de 2019.<\/strong> La Superintendencia del Medio Ambiente, adopt\u00f3 medidas contra la empresa Constructora W\u00f6rner, que se encuentra ejecutando el proyecto \u201cSodimac &#8211; Centro Comercial Espacio Los Pablos\u201d, debido a la superaci\u00f3n diurna de la Norma de Ruido, contemplada en D.S.38\/2011, que regula los niveles de presi\u00f3n sonora de fuentes fijas.<\/p>\n<p>En este caso, la SMA recibi\u00f3 denuncias de vecinos aleda\u00f1os al proyecto, afectados por ruidos y vibraciones sentidas en sus hogares debido a las obras que se realizan en la faena. La SMA realiz\u00f3 dos mediciones en distintos d\u00edas, y constat\u00f3 la superaci\u00f3n de la normativa \u2014que en horario diurno fija en 60 decibeles m\u00e1ximos el nivel de presi\u00f3n sonora\u2014. En este caso, se constataron niveles de hasta 72 decibeles, los que se alcanzaron inclusive despu\u00e9s de las medidas que la empresa comprometi\u00f3 y ejecut\u00f3 tras la primera advertencia de superaci\u00f3n de la normativa.<\/p>\n<p>Debido a que el ruido puede causar un da\u00f1o inminente al medio ambiente, y sobre todo a la salud de las personas expuestas a \u00e9l durante un per\u00edodo prolongado de tiempo, se le exigi\u00f3 a la constructora implementar las siguientes medidas provisionales:<\/p>\n<ol>\n<li>Construir e implementar medidas de correcci\u00f3n, control y seguridad, como instalar barreras ac\u00fasticas en la faena.<\/li>\n<li>Implementar un taller mec\u00e1nico para realizar trabajos de construcci\u00f3n.<\/li>\n<li>Instalar un t\u00fanel ac\u00fastico para cami\u00f3n hormigonera y cami\u00f3n mixer para mitigar los ruidos de estas faenas.<\/li>\n<li>Dise\u00f1ar e implementar un muro predial con pantallas ac\u00fasticas.<\/li>\n<li>Instruir al personal sobre el adecuado uso e implementaci\u00f3n de las medidas antes mencionadas.<\/li>\n<li>Detener todas las actividades que requieran el uso de fuentes generadoras de ruido (aplanadoras, maquinaria pesada y herramientas de la construcci\u00f3n) por 10 d\u00edas h\u00e1biles, mientras se implementan las medidas antes mencionadas.<\/li>\n<\/ol>\n<p>La empresa deber\u00e1 tambi\u00e9n realizar un informe de medici\u00f3n y efectividad de las medidas, en el que se entreguen antecedentes y pruebas suficientes y fehacientes que den cuenta del cese de actividades, mientras se construyen las soluciones ac\u00fasticas. La Oficina Regional de la Superintendencia le corresponder\u00e1 realizar el seguimiento y verificar si las medidas son cumplidas por Constructora W\u00f6rner dentro del plazo instruido.<\/p>\n<hr \/>\n<ul>\n<li><strong>Rol de la SMA:<\/strong> en el contexto de la institucionalidad ambiental actual en Chile, la Superintendencia del Medio Ambiente cumple un rol fiscalizador y de sanci\u00f3n sobre los instrumentos de gesti\u00f3n ambiental vigentes en el pa\u00eds (Ley 19.300): Resoluciones de Calificaci\u00f3n (RCA), Normas de Emisi\u00f3n, Normas de Calidad y Planes de Prevenci\u00f3n y\/o de Descontaminaci\u00f3n Ambiental, entre otros.<\/li>\n<\/ul>\n","protected":false},"excerpt":{"rendered":"<p>La constructora W\u00f6rner, a cargo del proyecto \u201cSodimac \u2013 Centro Comercial Espacio Los Pablos\u201d, ha incumplido la Norma de Ruidos y deber\u00e1 adoptar medidas para mitigar su emisi\u00f3n y no afectar a vecinos. Temuco, 25 de noviembre de 2019. La Superintendencia del Medio Ambiente, adopt\u00f3 medidas contra la empresa Constructora W\u00f6rner, que se encuentra ejecutando el <a href=\"https:\/\/portal.sma.gob.cl\/index.php\/temuco-sma-ordena-medidas-provisionales-en-contra-de-empresa-constructora-por-ruidos-molestos\/\">Leer m\u00e1s<\/a><\/p>\n","protected":false},"author":9,"featured_media":19348,"comment_status":"open","ping_status":"open","sticky":false,"template":"","format":"standard","meta":{"footnotes":""},"categories":[90,107],"tags":[],"class_list":["post-19346","post","type-post","status-publish","format-standard","has-post-thumbnail","hentry","category-comunicados-noticias","category-destacado"],"_links":{"self":[{"href":"https:\/\/portal.sma.gob.cl\/index.php\/wp-json\/wp\/v2\/posts\/19346","targetHints":{"allow":["GET"]}}],"collection":[{"href":"https:\/\/portal.sma.gob.cl\/index.php\/wp-json\/wp\/v2\/posts"}],"about":[{"href":"https:\/\/portal.sma.gob.cl\/index.php\/wp-json\/wp\/v2\/types\/post"}],"author":[{"embeddable":true,"href":"https:\/\/portal.sma.gob.cl\/index.php\/wp-json\/wp\/v2\/users\/9"}],"replies":[{"embeddable":true,"href":"https:\/\/portal.sma.gob.cl\/index.php\/wp-json\/wp\/v2\/comments?post=19346"}],"version-history":[{"count":2,"href":"https:\/\/portal.sma.gob.cl\/index.php\/wp-json\/wp\/v2\/posts\/19346\/revisions"}],"predecessor-version":[{"id":19349,"href":"https:\/\/portal.sma.gob.cl\/index.php\/wp-json\/wp\/v2\/posts\/19346\/revisions\/19349"}],"wp:featuredmedia":[{"embeddable":true,"href":"https:\/\/portal.sma.gob.cl\/index.php\/wp-json\/wp\/v2\/media\/19348"}],"wp:attachment":[{"href":"https:\/\/portal.sma.gob.cl\/index.php\/wp-json\/wp\/v2\/media?parent=19346"}],"wp:term":[{"taxonomy":"category","embeddable":true,"href":"https:\/\/portal.sma.gob.cl\/index.php\/wp-json\/wp\/v2\/categories?post=19346"},{"taxonomy":"post_tag","embeddable":true,"href":"https:\/\/portal.sma.gob.cl\/index.php\/wp-json\/wp\/v2\/tags?post=19346"}],"curies":[{"name":"wp","href":"https:\/\/api.w.org\/{rel}","templated":true}]}}