{"id":19360,"date":"2019-11-26T14:55:56","date_gmt":"2019-11-26T17:55:56","guid":{"rendered":"https:\/\/portal.sma.gob.cl\/?p=19360"},"modified":"2019-11-26T15:34:33","modified_gmt":"2019-11-26T18:34:33","slug":"superintendente-se-reune-con-autoridades-de-chiloe","status":"publish","type":"post","link":"https:\/\/portal.sma.gob.cl\/index.php\/superintendente-se-reune-con-autoridades-de-chiloe\/","title":{"rendered":"Superintendente se re\u00fane con autoridades de Chilo\u00e9"},"content":{"rendered":"<p><strong>En la actividad se abordaron las acciones de fiscalizaci\u00f3n y sanci\u00f3n de Vertederos municipales de la Isla.<\/strong><\/p>\n<p><strong>Chilo\u00e9, 26 de noviembre 2019.<\/strong>\u00a0El Superintendente del Medio Ambiente, Crist\u00f3bal de la Maza se reuni\u00f3 esta ma\u00f1ana con el Gobernador de la Provincia de Chilo\u00e9, Fernando B\u00f3rquez y con el acalde de la comuna de Castro, Juan Eduardo Vera, para analizar los principales temas y desaf\u00edos ambientales de la zona, en el contexto del primer viaje a regiones que realiza la autoridad de la SMA.<\/p>\n<p>Seg\u00fan explic\u00f3 De La Maza, el encuentro con las autoridades permiti\u00f3 no s\u00f3lo revisar los principales proyectos ambientales de la zona, sino tambi\u00e9n poder transmitirle lo importante que es para la Instituci\u00f3n el fortalecimiento del rol regional de la SMA, como unos de los pilares estrat\u00e9gicos de la nueva administraci\u00f3n. <em>\u201cTrabajaremos por una detecci\u00f3n y correcci\u00f3n temprana de incumplimientos a la normativa ambiental, de modo de otorgar una respuesta oportuna y eficaz a las comunidades\u201d<\/em>, asegur\u00f3 el Superintendente del Medio Ambiente.<\/p>\n<p>En tanto, el Gobernador agradeci\u00f3 la disposici\u00f3n que ha tenido la Superintendencia especialmente con temas que son una alta preocupaci\u00f3n para la zona como lo son los vertederos municipales, el tratamiento de la basura. <em>\u201cEsta cita nos ayud\u00f3 a planificar c\u00f3mo ser\u00e1n abordados los temas prioritarios para Chilo\u00e9 en el futuro, pero tambi\u00e9n la exigencia y fiscalizaci\u00f3n a entes p\u00fablicos y privados que tienen que ver con la protecci\u00f3n al medio ambiente controlando los impactos negativos en nuestro entorno. El trabajar de manera cohesionada, sin duda, nos ayudar\u00e1 en esta l\u00ednea\u201d<\/em>, acot\u00f3 Fernando B\u00f3rquez.<\/p>\n<hr \/>\n<ul>\n<li><strong>Rol de la SMA:<\/strong> en el contexto de la institucionalidad ambiental actual en Chile, la Superintendencia del Medio Ambiente cumple un rol fiscalizador y de sanci\u00f3n sobre los instrumentos de gesti\u00f3n ambiental vigentes en el pa\u00eds (Ley 19.300): Resoluciones de Calificaci\u00f3n (RCA), Normas de Emisi\u00f3n, Normas de Calidad y Planes de Prevenci\u00f3n y\/o de Descontaminaci\u00f3n Ambiental, entre otros.<\/li>\n<\/ul>\n","protected":false},"excerpt":{"rendered":"<p>En la actividad se abordaron las acciones de fiscalizaci\u00f3n y sanci\u00f3n de Vertederos municipales de la Isla. Chilo\u00e9, 26 de noviembre 2019.\u00a0El Superintendente del Medio Ambiente, Crist\u00f3bal de la Maza se reuni\u00f3 esta ma\u00f1ana con el Gobernador de la Provincia de Chilo\u00e9, Fernando B\u00f3rquez y con el acalde de la comuna de Castro, Juan Eduardo Vera, <a href=\"https:\/\/portal.sma.gob.cl\/index.php\/superintendente-se-reune-con-autoridades-de-chiloe\/\">Leer m\u00e1s<\/a><\/p>\n","protected":false},"author":3,"featured_media":19362,"comment_status":"open","ping_status":"open","sticky":false,"template":"","format":"standard","meta":{"footnotes":""},"categories":[107,94],"tags":[],"class_list":["post-19360","post","type-post","status-publish","format-standard","has-post-thumbnail","hentry","category-destacado","category-notas-noticias"],"_links":{"self":[{"href":"https:\/\/portal.sma.gob.cl\/index.php\/wp-json\/wp\/v2\/posts\/19360","targetHints":{"allow":["GET"]}}],"collection":[{"href":"https:\/\/portal.sma.gob.cl\/index.php\/wp-json\/wp\/v2\/posts"}],"about":[{"href":"https:\/\/portal.sma.gob.cl\/index.php\/wp-json\/wp\/v2\/types\/post"}],"author":[{"embeddable":true,"href":"https:\/\/portal.sma.gob.cl\/index.php\/wp-json\/wp\/v2\/users\/3"}],"replies":[{"embeddable":true,"href":"https:\/\/portal.sma.gob.cl\/index.php\/wp-json\/wp\/v2\/comments?post=19360"}],"version-history":[{"count":5,"href":"https:\/\/portal.sma.gob.cl\/index.php\/wp-json\/wp\/v2\/posts\/19360\/revisions"}],"predecessor-version":[{"id":19391,"href":"https:\/\/portal.sma.gob.cl\/index.php\/wp-json\/wp\/v2\/posts\/19360\/revisions\/19391"}],"wp:featuredmedia":[{"embeddable":true,"href":"https:\/\/portal.sma.gob.cl\/index.php\/wp-json\/wp\/v2\/media\/19362"}],"wp:attachment":[{"href":"https:\/\/portal.sma.gob.cl\/index.php\/wp-json\/wp\/v2\/media?parent=19360"}],"wp:term":[{"taxonomy":"category","embeddable":true,"href":"https:\/\/portal.sma.gob.cl\/index.php\/wp-json\/wp\/v2\/categories?post=19360"},{"taxonomy":"post_tag","embeddable":true,"href":"https:\/\/portal.sma.gob.cl\/index.php\/wp-json\/wp\/v2\/tags?post=19360"}],"curies":[{"name":"wp","href":"https:\/\/api.w.org\/{rel}","templated":true}]}}