{"id":19406,"date":"2019-11-28T15:56:12","date_gmt":"2019-11-28T18:56:12","guid":{"rendered":"https:\/\/portal.sma.gob.cl\/?p=19406"},"modified":"2019-11-28T16:16:38","modified_gmt":"2019-11-28T19:16:38","slug":"sma-firma-convenio-de-colaboracion-con-municipalidad-de-lo-barnechea","status":"publish","type":"post","link":"https:\/\/portal.sma.gob.cl\/index.php\/sma-firma-convenio-de-colaboracion-con-municipalidad-de-lo-barnechea\/","title":{"rendered":"SMA firma convenio de colaboraci\u00f3n con Municipalidad de Lo Barnechea"},"content":{"rendered":"<p><strong>El acuerdo -que capacitar\u00e1 a los funcionarios municipales en las t\u00e9cnicas apropiadas de medici\u00f3n de ruidos-<\/strong> <strong>tendr\u00e1 una duraci\u00f3n de cuatro a\u00f1os, desde la fecha de entrada en vigor y se renovar\u00e1 autom\u00e1tica y sucesivamente, por per\u00edodos de dos a\u00f1os.<\/strong><\/p>\n<p><strong>Santiago, 28 de noviembre de 2019.<\/strong> El Superintendente del Medio Ambiente, Crist\u00f3bal de la Maza, firm\u00f3 un convenio con el alcalde de la Municipalidad de Lo Barnechea, Crist\u00f3bal Lira, con el objeto de colaborar en la capacitaci\u00f3n de funcionarios municipales para que puedan medir ruidos en la comuna, utilizando son\u00f3metros calibrados y con las t\u00e9cnicas que se deben aplicar seg\u00fan el Decreto Supremo N\u00b038 de 2011 del Ministerio del Medio Ambiente.<\/p>\n<p>El convenio tendr\u00e1 una duraci\u00f3n de cuatro a\u00f1os, contados desde la fecha de entrada en vigor de la resoluci\u00f3n que lo apruebe y se renovar\u00e1 autom\u00e1tica y sucesivamente, por per\u00edodos de dos a\u00f1os. A la fecha, es el d\u00e9cimo convenio que la SMA firma con un municipio sobre esta materia. Providencia, Punta Arenas y Antofagasta son algunos ejemplos donde ya se est\u00e1 aplicando este tipo de acuerdos.<\/p>\n<p>Al respecto, el Superintendente de La Maza sostuvo que \u201cla firma de estos convenios con municipios es una estrategia que se est\u00e1 fortaleciendo en la Superintendencia. Ya tenemos varios acuerdos operando en otras regiones y su resultado ha sido \u00f3ptimo, toda vez que los ruidos corresponden al 50% de las denuncias que recibimos todos los a\u00f1os\u201d.<\/p>\n<p>A\u00f1adi\u00f3 que, por este motivo, para su instituci\u00f3n \u201ces clave establecer esta red a nivel nacional, a trav\u00e9s de las municipalidades, con el objeto de que \u00e9stas se encuentren en condiciones de fiscalizar en representaci\u00f3n de la Superintendencia\u201d.<\/p>\n<p>El alcalde de Lo Barnechea, Crist\u00f3bal Lira destac\u00f3 que la firma de estos convenios ayuda a mejorar la calidad de vida de los vecinos \u201ctener capacitaci\u00f3n de medici\u00f3n de ruidos molestos para nuestros funcionarios es de gran ayuda para nuestros vecinos que muchas veces se ven afectados en su vida cotidiana por ruidos que van en desmedro de su descanso y tranquilidad\u201d.<\/p>\n<p><strong>Alcances del convenio.<\/strong><\/p>\n<p>Entre los compromisos adquiridos, la Municipalidad de Lo Barnechea deber\u00e1 verificar que las fuentes de ruido denunciadas correspondan a aquellas definidas en la norma de emisi\u00f3n. De modo que, para presentar denuncias ante la SMA, la Municipalidad deber\u00e1 identificar la fuente emisora de ruido y la de los denunciantes, adem\u00e1s de la descripci\u00f3n de la denuncia.<\/p>\n<p>Por su parte, la SMA se compromete a realizar capacitaciones respecto del sentido y alcance de la Norma de Emisi\u00f3n, de las metodolog\u00edas aplicables a la medici\u00f3n de ruido, uso de equipos, zonificaci\u00f3n, entre otros. Del mismo modo, se compromete a brindar apoyo t\u00e9cnico para la adquisici\u00f3n de equipamiento por parte del municipio, as\u00ed como para el desarrollo o mejoramiento de la ordenanza sobre este tema espec\u00edfico.<\/p>\n<hr \/>\n<ul>\n<li>\u00a0<strong>Rol de la SMA:<\/strong> en el contexto de la institucionalidad ambiental actual en Chile, la Superintendencia del Medio Ambiente cumple un rol fiscalizador y de sanci\u00f3n sobre los instrumentos de gesti\u00f3n ambiental vigentes en el pa\u00eds (Ley 19.300): Resoluciones de Calificaci\u00f3n (RCA), Normas de Emisi\u00f3n, Normas de Calidad y Planes de Prevenci\u00f3n y\/o de Descontaminaci\u00f3n Ambiental, entre otros.<\/li>\n<\/ul>\n<div id=\"attachment_19408\" style=\"width: 1034px\" class=\"wp-caption alignleft\"><img decoding=\"async\" aria-describedby=\"caption-attachment-19408\" class=\"wp-image-19408 size-large\" src=\"https:\/\/portal.sma.gob.cl\/wp-content\/uploads\/2019\/11\/SMA-firma-convenio-ruido-con-municipalidad-Lo-Barnechea-B-1024x596.jpg\" alt=\"\" width=\"1024\" height=\"596\" srcset=\"https:\/\/portal.sma.gob.cl\/wp-content\/uploads\/2019\/11\/SMA-firma-convenio-ruido-con-municipalidad-Lo-Barnechea-B-200x116.jpg 200w, https:\/\/portal.sma.gob.cl\/wp-content\/uploads\/2019\/11\/SMA-firma-convenio-ruido-con-municipalidad-Lo-Barnechea-B-300x175.jpg 300w, https:\/\/portal.sma.gob.cl\/wp-content\/uploads\/2019\/11\/SMA-firma-convenio-ruido-con-municipalidad-Lo-Barnechea-B-400x233.jpg 400w, https:\/\/portal.sma.gob.cl\/wp-content\/uploads\/2019\/11\/SMA-firma-convenio-ruido-con-municipalidad-Lo-Barnechea-B-600x349.jpg 600w, https:\/\/portal.sma.gob.cl\/wp-content\/uploads\/2019\/11\/SMA-firma-convenio-ruido-con-municipalidad-Lo-Barnechea-B-768x447.jpg 768w, https:\/\/portal.sma.gob.cl\/wp-content\/uploads\/2019\/11\/SMA-firma-convenio-ruido-con-municipalidad-Lo-Barnechea-B-800x465.jpg 800w, https:\/\/portal.sma.gob.cl\/wp-content\/uploads\/2019\/11\/SMA-firma-convenio-ruido-con-municipalidad-Lo-Barnechea-B-1024x596.jpg 1024w, https:\/\/portal.sma.gob.cl\/wp-content\/uploads\/2019\/11\/SMA-firma-convenio-ruido-con-municipalidad-Lo-Barnechea-B.jpg 1100w\" sizes=\"(max-width: 1024px) 100vw, 1024px\" \/><p id=\"caption-attachment-19408\" class=\"wp-caption-text\">Superintendente del Medio Ambiente, Crist\u00f3bal de La Maza firmando convenio de ruido con el alcalde de la Municipalidad de Lo Barnechea, Crist\u00f3bal Lira.<\/p><\/div>\n<p>&nbsp;<\/p>\n<p>&nbsp;<\/p>\n<p>&nbsp;<\/p>\n","protected":false},"excerpt":{"rendered":"<p>El acuerdo -que capacitar\u00e1 a los funcionarios municipales en las t\u00e9cnicas apropiadas de medici\u00f3n de ruidos- tendr\u00e1 una duraci\u00f3n de cuatro a\u00f1os, desde la fecha de entrada en vigor y se renovar\u00e1 autom\u00e1tica y sucesivamente, por per\u00edodos de dos a\u00f1os. Santiago, 28 de noviembre de 2019. El Superintendente del Medio Ambiente, Crist\u00f3bal de la Maza, firm\u00f3 <a href=\"https:\/\/portal.sma.gob.cl\/index.php\/sma-firma-convenio-de-colaboracion-con-municipalidad-de-lo-barnechea\/\">Leer m\u00e1s<\/a><\/p>\n","protected":false},"author":8,"featured_media":19407,"comment_status":"open","ping_status":"open","sticky":false,"template":"","format":"standard","meta":{"footnotes":""},"categories":[90,107],"tags":[],"class_list":["post-19406","post","type-post","status-publish","format-standard","has-post-thumbnail","hentry","category-comunicados-noticias","category-destacado"],"_links":{"self":[{"href":"https:\/\/portal.sma.gob.cl\/index.php\/wp-json\/wp\/v2\/posts\/19406","targetHints":{"allow":["GET"]}}],"collection":[{"href":"https:\/\/portal.sma.gob.cl\/index.php\/wp-json\/wp\/v2\/posts"}],"about":[{"href":"https:\/\/portal.sma.gob.cl\/index.php\/wp-json\/wp\/v2\/types\/post"}],"author":[{"embeddable":true,"href":"https:\/\/portal.sma.gob.cl\/index.php\/wp-json\/wp\/v2\/users\/8"}],"replies":[{"embeddable":true,"href":"https:\/\/portal.sma.gob.cl\/index.php\/wp-json\/wp\/v2\/comments?post=19406"}],"version-history":[{"count":3,"href":"https:\/\/portal.sma.gob.cl\/index.php\/wp-json\/wp\/v2\/posts\/19406\/revisions"}],"predecessor-version":[{"id":19413,"href":"https:\/\/portal.sma.gob.cl\/index.php\/wp-json\/wp\/v2\/posts\/19406\/revisions\/19413"}],"wp:featuredmedia":[{"embeddable":true,"href":"https:\/\/portal.sma.gob.cl\/index.php\/wp-json\/wp\/v2\/media\/19407"}],"wp:attachment":[{"href":"https:\/\/portal.sma.gob.cl\/index.php\/wp-json\/wp\/v2\/media?parent=19406"}],"wp:term":[{"taxonomy":"category","embeddable":true,"href":"https:\/\/portal.sma.gob.cl\/index.php\/wp-json\/wp\/v2\/categories?post=19406"},{"taxonomy":"post_tag","embeddable":true,"href":"https:\/\/portal.sma.gob.cl\/index.php\/wp-json\/wp\/v2\/tags?post=19406"}],"curies":[{"name":"wp","href":"https:\/\/api.w.org\/{rel}","templated":true}]}}