{"id":19419,"date":"2019-12-02T14:39:46","date_gmt":"2019-12-02T17:39:46","guid":{"rendered":"https:\/\/portal.sma.gob.cl\/?p=19419"},"modified":"2019-12-02T14:39:46","modified_gmt":"2019-12-02T17:39:46","slug":"antofagasta-sma-participa-en-taller-sobre-evaluacion-de-ruido-de-parques-eolicos","status":"publish","type":"post","link":"https:\/\/portal.sma.gob.cl\/index.php\/antofagasta-sma-participa-en-taller-sobre-evaluacion-de-ruido-de-parques-eolicos\/","title":{"rendered":"ANTOFAGASTA: SMA participa en taller sobre evaluaci\u00f3n de ruido de Parques E\u00f3licos"},"content":{"rendered":"<p><strong>La actividad, organizada por la Seremi de Medio Ambiente de la Regi\u00f3n, busc\u00f3 capacitar a alumnos de universidades, funcionarios p\u00fablicos y del sector privado en tem\u00e1ticas como la evaluaci\u00f3n de ruido y sombra intermitente generada por los parques e\u00f3licos.<\/strong><\/p>\n<p><strong>Antofagasta, 29 de noviembre de 2019.<\/strong> La Seremi de Medio Ambiente de la Regi\u00f3n de Antofagasta organiz\u00f3 una \u201cCapacitaci\u00f3n sobre la evaluaci\u00f3n del ruido y efecto sombra intermitente en Parques E\u00f3licos en el SEIA&#8221;, llevada a cabo en el Auditorio de la Universidad de Antofagasta.<\/p>\n<p>La actividad cont\u00f3 con la bienvenida del Seremi, Rafael Castro, seguido por la exposici\u00f3n de la Jefa Regional de la SMA en Antofagasta, Sandra Cortez, quien explic\u00f3 c\u00f3mo se gestionan las denuncias por ruidos molestos, haciendo \u00e9nfasis en la Ley Org\u00e1nica de la SMA, que regula en los art\u00edculos 21 y 47 la gesti\u00f3n y desarrollo de las mismas. A su vez, explic\u00f3 las fuentes que se encuentran reguladas en el D.S.38 de 2011, sobre ruidos molestos, explicando que entre ellos se encuentran las faenas productivas, actividades comerciales, de esparcimiento, servicios y elementos de infraestructura. A la vez, explic\u00f3 que esta Superintendencia ha firmado convenio de colaboraci\u00f3n con municipalidades, como Antofagasta y Sierra Gorda, para la gesti\u00f3n de estas denuncias y su fiscalizaci\u00f3n.<\/p>\n<p>El taller prosigui\u00f3 con los \u201cConceptos de ruido y gesti\u00f3n ambiental\u201d y los criterios para la aplicaci\u00f3n del D.S.38\/2011 para parques e\u00f3licos en el Sistema de Evaluaci\u00f3n Ambiental, as\u00ed como tambi\u00e9n la evaluaci\u00f3n de la sombra intermitente generada por estos, charla dictada por David Parra del Ministerio de Medio Ambiente.<\/p>\n","protected":false},"excerpt":{"rendered":"<p>La actividad, organizada por la Seremi de Medio Ambiente de la Regi\u00f3n, busc\u00f3 capacitar a alumnos de universidades, funcionarios p\u00fablicos y del sector privado en tem\u00e1ticas como la evaluaci\u00f3n de ruido y sombra intermitente generada por los parques e\u00f3licos. Antofagasta, 29 de noviembre de 2019. La Seremi de Medio Ambiente de la Regi\u00f3n de Antofagasta organiz\u00f3 <a href=\"https:\/\/portal.sma.gob.cl\/index.php\/antofagasta-sma-participa-en-taller-sobre-evaluacion-de-ruido-de-parques-eolicos\/\">Leer m\u00e1s<\/a><\/p>\n","protected":false},"author":9,"featured_media":19420,"comment_status":"open","ping_status":"open","sticky":false,"template":"","format":"standard","meta":{"footnotes":""},"categories":[107,94],"tags":[],"class_list":["post-19419","post","type-post","status-publish","format-standard","has-post-thumbnail","hentry","category-destacado","category-notas-noticias"],"_links":{"self":[{"href":"https:\/\/portal.sma.gob.cl\/index.php\/wp-json\/wp\/v2\/posts\/19419","targetHints":{"allow":["GET"]}}],"collection":[{"href":"https:\/\/portal.sma.gob.cl\/index.php\/wp-json\/wp\/v2\/posts"}],"about":[{"href":"https:\/\/portal.sma.gob.cl\/index.php\/wp-json\/wp\/v2\/types\/post"}],"author":[{"embeddable":true,"href":"https:\/\/portal.sma.gob.cl\/index.php\/wp-json\/wp\/v2\/users\/9"}],"replies":[{"embeddable":true,"href":"https:\/\/portal.sma.gob.cl\/index.php\/wp-json\/wp\/v2\/comments?post=19419"}],"version-history":[{"count":1,"href":"https:\/\/portal.sma.gob.cl\/index.php\/wp-json\/wp\/v2\/posts\/19419\/revisions"}],"predecessor-version":[{"id":19421,"href":"https:\/\/portal.sma.gob.cl\/index.php\/wp-json\/wp\/v2\/posts\/19419\/revisions\/19421"}],"wp:featuredmedia":[{"embeddable":true,"href":"https:\/\/portal.sma.gob.cl\/index.php\/wp-json\/wp\/v2\/media\/19420"}],"wp:attachment":[{"href":"https:\/\/portal.sma.gob.cl\/index.php\/wp-json\/wp\/v2\/media?parent=19419"}],"wp:term":[{"taxonomy":"category","embeddable":true,"href":"https:\/\/portal.sma.gob.cl\/index.php\/wp-json\/wp\/v2\/categories?post=19419"},{"taxonomy":"post_tag","embeddable":true,"href":"https:\/\/portal.sma.gob.cl\/index.php\/wp-json\/wp\/v2\/tags?post=19419"}],"curies":[{"name":"wp","href":"https:\/\/api.w.org\/{rel}","templated":true}]}}