{"id":19424,"date":"2019-12-02T18:16:17","date_gmt":"2019-12-02T21:16:17","guid":{"rendered":"https:\/\/portal.sma.gob.cl\/?p=19424"},"modified":"2023-09-07T15:32:07","modified_gmt":"2023-09-07T18:32:07","slug":"sma-realizo-taller-de-asistencia-al-cumplimiento-ambiental-para-empresas-del-sector-vitivinicola","status":"publish","type":"post","link":"https:\/\/portal.sma.gob.cl\/index.php\/sma-realizo-taller-de-asistencia-al-cumplimiento-ambiental-para-empresas-del-sector-vitivinicola\/","title":{"rendered":"SMA realiz\u00f3 Taller de Asistencia al Cumplimiento Ambiental para empresas del sector vitivin\u00edcola"},"content":{"rendered":"<p><strong>La actividad fue organizada por las Oficinas Regionales de O&#8217;Higgins y Maule.<\/strong><\/p>\n<p><strong>Curic\u00f3, 02 de diciembre de 2019.- <\/strong>Revisar los principales lineamientos de fiscalizaci\u00f3n y sanci\u00f3n de la Superintendencia del Medio Ambiente para el sector vitivin\u00edcola fue el objetivo del Taller de Asistencia al Cumplimiento Ambiental realizado el pasado 28 de noviembre en la ciudad de Curic\u00f3.<\/p>\n<p>A juicio de Mariela Valenzuela, Jefa de la Oficina Regional SMA del Maule, \u201clas presentaciones del sector vitivin\u00edcola buscaron promover el cumplimiento de la normativa ambiental y adem\u00e1s se orientaron a que las compa\u00f1\u00edas conozcan nuestra estrategia territorial, centrada en fomentar una mejor y mayor vinculaci\u00f3n entre la industria, la comunidad y el territorio\u201d.<\/p>\n<p>En la ocasi\u00f3n participaron representantes de 30 empresas, quienes fueron capacitados en criterios de fiscalizaci\u00f3n ambiental estrat\u00e9gica, tem\u00e1ticas de sanci\u00f3n y cumplimiento, y tambi\u00e9n se dieron a conocer los principales hallazgos que se han levantado en diferentes actividades de inspecci\u00f3n a esta industria, los cuales est\u00e1n asociados en su mayor\u00eda al tratamiento de residuos industriales l\u00edquidos y manejo de olores.<\/p>\n<p>&nbsp;<\/p>\n<p>&nbsp;<\/p>\n","protected":false},"excerpt":{"rendered":"<p>La actividad fue organizada por las Oficinas Regionales de O&#8217;Higgins y Maule. Curic\u00f3, 02 de diciembre de 2019.- Revisar los principales lineamientos de fiscalizaci\u00f3n y sanci\u00f3n de la Superintendencia del Medio Ambiente para el sector vitivin\u00edcola fue el objetivo del Taller de Asistencia al Cumplimiento Ambiental realizado el pasado 28 de noviembre en la ciudad de <a href=\"https:\/\/portal.sma.gob.cl\/index.php\/sma-realizo-taller-de-asistencia-al-cumplimiento-ambiental-para-empresas-del-sector-vitivinicola\/\">Leer m\u00e1s<\/a><\/p>\n","protected":false},"author":8,"featured_media":19426,"comment_status":"open","ping_status":"open","sticky":false,"template":"","format":"video","meta":{"footnotes":""},"categories":[107,94],"tags":[],"class_list":["post-19424","post","type-post","status-publish","format-video","has-post-thumbnail","hentry","category-destacado","category-notas-noticias","post_format-post-format-video"],"_links":{"self":[{"href":"https:\/\/portal.sma.gob.cl\/index.php\/wp-json\/wp\/v2\/posts\/19424","targetHints":{"allow":["GET"]}}],"collection":[{"href":"https:\/\/portal.sma.gob.cl\/index.php\/wp-json\/wp\/v2\/posts"}],"about":[{"href":"https:\/\/portal.sma.gob.cl\/index.php\/wp-json\/wp\/v2\/types\/post"}],"author":[{"embeddable":true,"href":"https:\/\/portal.sma.gob.cl\/index.php\/wp-json\/wp\/v2\/users\/8"}],"replies":[{"embeddable":true,"href":"https:\/\/portal.sma.gob.cl\/index.php\/wp-json\/wp\/v2\/comments?post=19424"}],"version-history":[{"count":1,"href":"https:\/\/portal.sma.gob.cl\/index.php\/wp-json\/wp\/v2\/posts\/19424\/revisions"}],"predecessor-version":[{"id":19425,"href":"https:\/\/portal.sma.gob.cl\/index.php\/wp-json\/wp\/v2\/posts\/19424\/revisions\/19425"}],"wp:featuredmedia":[{"embeddable":true,"href":"https:\/\/portal.sma.gob.cl\/index.php\/wp-json\/wp\/v2\/media\/19426"}],"wp:attachment":[{"href":"https:\/\/portal.sma.gob.cl\/index.php\/wp-json\/wp\/v2\/media?parent=19424"}],"wp:term":[{"taxonomy":"category","embeddable":true,"href":"https:\/\/portal.sma.gob.cl\/index.php\/wp-json\/wp\/v2\/categories?post=19424"},{"taxonomy":"post_tag","embeddable":true,"href":"https:\/\/portal.sma.gob.cl\/index.php\/wp-json\/wp\/v2\/tags?post=19424"}],"curies":[{"name":"wp","href":"https:\/\/api.w.org\/{rel}","templated":true}]}}