{"id":19447,"date":"2019-12-09T15:10:29","date_gmt":"2019-12-09T18:10:29","guid":{"rendered":"https:\/\/portal.sma.gob.cl\/?p=19447"},"modified":"2019-12-10T08:56:02","modified_gmt":"2019-12-10T11:56:02","slug":"chillan-sma-organiza-taller-sobre-norma-de-ruido-para-municipalidades","status":"publish","type":"post","link":"https:\/\/portal.sma.gob.cl\/index.php\/chillan-sma-organiza-taller-sobre-norma-de-ruido-para-municipalidades\/","title":{"rendered":"CHILL\u00c1N: SMA organiza taller sobre norma de ruido para municipalidades"},"content":{"rendered":"<p><strong>La actividad, coordinada por la Oficina Regional de \u00d1uble, busc\u00f3 capacitar a los encargados ambientales de las comunas de la zona respecto a la normativa de ruidos molestos aplicada a fuentes fijas.<\/strong><\/p>\n<p><strong>Chill\u00e1n, 9 de diciembre de 2019.<\/strong> La Oficina Regional de \u00d1uble de la SMA, encabezada por su jefe Cristi\u00e1n Lineros, llev\u00f3 a cabo el jueves 5 de diciembre, una capacitaci\u00f3n te\u00f3rica y pr\u00e1ctica a los encargados ambientales de las municipalidades de Chill\u00e1n, Chill\u00e1n Viejo, Bulnes, R\u00e1nquil y Coihueco respecto de normativa\u00a0 ruidos molestos a fuentes fijas, reguladas a trav\u00e9s del D.S.38\/2011 del Ministerio del Medio Ambiente.<\/p>\n<p>El taller incluy\u00f3 una explicaci\u00f3n detallada sobre el uso del son\u00f3metro \u2014equipo de medici\u00f3n que debe estar debidamente calibrado para las mediciones\u2014, como as\u00ed tambi\u00e9n los procedimientos para realizar mediciones al interior y exterior de las viviendas de los denunciantes, y a su vez, registrar los datos con el fin de acreditar cumplimiento de normativa en espacios rurales\/urbanos y horarios diurnos o nocturnos.<\/p>\n<p>\u201cEste fue un taller muy importante para esta oficina regional, ya que las denuncias por ruidos molestos son cerca de un 50% de los casos que ingresan anualmente. Estamos analizando la firma de convenios con varios de estos municipios, ya que nos ayudar\u00eda enormemente para abordar este tema que es de alto impacto ciudadano\u201d, dijo Cristian Lineros al terminar la reuni\u00f3n.<\/p>\n","protected":false},"excerpt":{"rendered":"<p>La actividad, coordinada por la Oficina Regional de \u00d1uble, busc\u00f3 capacitar a los encargados ambientales de las comunas de la zona respecto a la normativa de ruidos molestos aplicada a fuentes fijas. Chill\u00e1n, 9 de diciembre de 2019. La Oficina Regional de \u00d1uble de la SMA, encabezada por su jefe Cristi\u00e1n Lineros, llev\u00f3 a cabo el <a href=\"https:\/\/portal.sma.gob.cl\/index.php\/chillan-sma-organiza-taller-sobre-norma-de-ruido-para-municipalidades\/\">Leer m\u00e1s<\/a><\/p>\n","protected":false},"author":9,"featured_media":19449,"comment_status":"open","ping_status":"open","sticky":false,"template":"","format":"standard","meta":{"footnotes":""},"categories":[107,94],"tags":[],"class_list":["post-19447","post","type-post","status-publish","format-standard","has-post-thumbnail","hentry","category-destacado","category-notas-noticias"],"_links":{"self":[{"href":"https:\/\/portal.sma.gob.cl\/index.php\/wp-json\/wp\/v2\/posts\/19447","targetHints":{"allow":["GET"]}}],"collection":[{"href":"https:\/\/portal.sma.gob.cl\/index.php\/wp-json\/wp\/v2\/posts"}],"about":[{"href":"https:\/\/portal.sma.gob.cl\/index.php\/wp-json\/wp\/v2\/types\/post"}],"author":[{"embeddable":true,"href":"https:\/\/portal.sma.gob.cl\/index.php\/wp-json\/wp\/v2\/users\/9"}],"replies":[{"embeddable":true,"href":"https:\/\/portal.sma.gob.cl\/index.php\/wp-json\/wp\/v2\/comments?post=19447"}],"version-history":[{"count":3,"href":"https:\/\/portal.sma.gob.cl\/index.php\/wp-json\/wp\/v2\/posts\/19447\/revisions"}],"predecessor-version":[{"id":19453,"href":"https:\/\/portal.sma.gob.cl\/index.php\/wp-json\/wp\/v2\/posts\/19447\/revisions\/19453"}],"wp:featuredmedia":[{"embeddable":true,"href":"https:\/\/portal.sma.gob.cl\/index.php\/wp-json\/wp\/v2\/media\/19449"}],"wp:attachment":[{"href":"https:\/\/portal.sma.gob.cl\/index.php\/wp-json\/wp\/v2\/media?parent=19447"}],"wp:term":[{"taxonomy":"category","embeddable":true,"href":"https:\/\/portal.sma.gob.cl\/index.php\/wp-json\/wp\/v2\/categories?post=19447"},{"taxonomy":"post_tag","embeddable":true,"href":"https:\/\/portal.sma.gob.cl\/index.php\/wp-json\/wp\/v2\/tags?post=19447"}],"curies":[{"name":"wp","href":"https:\/\/api.w.org\/{rel}","templated":true}]}}