{"id":19454,"date":"2019-12-11T15:19:12","date_gmt":"2019-12-11T18:19:12","guid":{"rendered":"https:\/\/portal.sma.gob.cl\/?p=19454"},"modified":"2019-12-11T15:40:01","modified_gmt":"2019-12-11T18:40:01","slug":"superintendente-se-reune-con-ministros-del-primer-tribunal-ambiental","status":"publish","type":"post","link":"https:\/\/portal.sma.gob.cl\/index.php\/superintendente-se-reune-con-ministros-del-primer-tribunal-ambiental\/","title":{"rendered":"Superintendente se re\u00fane con ministros del Primer Tribunal Ambiental"},"content":{"rendered":"<p><strong>Con el objetivo de revisar temas vinculados al quehacer y a los desaf\u00edos establecidos por cada instituci\u00f3n.<\/strong><\/p>\n<p><strong>Antofagasta, 11 de diciembre de 2019. <\/strong>En el contexto de su primer viaje oficial a la regi\u00f3n de Antofagasta, el Superintendente del Medio Ambiente, Crist\u00f3bal de La Maza visit\u00f3 esta ma\u00f1ana las dependencias del Ilustre Primer Tribunal Ambiental con sede en Antofagasta para dar un saludo protocolar a los ministros que integran el \u00f3rgano jurisdiccional. En la reuni\u00f3n estuvieron presentes el Ministro Presidente del Tribunal Ambiental, Mauricio Oviedo, y el Ministro en Ciencias, Marcelo Hern\u00e1ndez. Durante el encuentro tambi\u00e9n se abordaron temas vinculados al quehacer y a los desaf\u00edos establecidos por parte cada instituci\u00f3n ambiental.<\/p>\n<p>Al t\u00e9rmino del encuentro, el Superintendente de La Maza sostuvo que \u201ccon los ministros del Primer Tribunal Ambiental, conversamos sobre las tareas y metas de cada organismo. Tambi\u00e9n analizamos uno de los compromisos fundamentales que tenemos hoy como institucionalidad ambiental, enfocados en dar respuesta oportuna a las denuncias y otros requerimientos de la ciudadan\u00eda\u201d, expres\u00f3 la autoridad.<\/p>\n<p>Ambas\u00a0 autoridades coinciden en focalizarse en respuestas oportunas, claras y r\u00e1pidas. \u201cEmpoderar a las oficinas regionales con mayores atribuciones permite descentralizar, democratizar y agilizar procesos\u201d, asegur\u00f3 el Ministro Presidente del Primer Tribunal Ambiental, Mauricio Oviedo, quien adem\u00e1s, resalt\u00f3 el aporte de la justicia ambiental especializada en la mejora cont\u00ednua de la gesti\u00f3n ambiental en general.<\/p>\n<p>Cabe recordar que los Tribunales Ambientales son un \u00f3rgano jurisdiccional especial, aut\u00f3nomo e independiente, cuya funci\u00f3n es resolver las controversias medioambientales de su competencia y ocuparse de los dem\u00e1s asuntos que la ley somete a su conocimiento.<\/p>\n\n\t\t<style type=\"text\/css\">\n\t\t\t#gallery-1 {\n\t\t\t\tmargin: auto;\n\t\t\t}\n\t\t\t#gallery-1 .gallery-item {\n\t\t\t\tfloat: left;\n\t\t\t\tmargin-top: 10px;\n\t\t\t\ttext-align: center;\n\t\t\t\twidth: 50%;\n\t\t\t}\n\t\t\t#gallery-1 img {\n\t\t\t\tborder: 2px solid #cfcfcf;\n\t\t\t}\n\t\t\t#gallery-1 .gallery-caption {\n\t\t\t\tmargin-left: 0;\n\t\t\t}\n\t\t\t\/* see gallery_shortcode() in wp-includes\/media.php *\/\n\t\t<\/style>\n\t\t<div id='gallery-1' class='gallery galleryid-19454 gallery-columns-2 gallery-size-fusion-200'><dl class='gallery-item'>\n\t\t\t<dt class='gallery-icon portrait'>\n\t\t\t\t<a data-rel=\"iLightbox[postimages]\" data-title=\"WhatsApp Image 2019-12-11 at 11.53.31 AM\" data-caption=\"\" href='https:\/\/portal.sma.gob.cl\/index.php\/superintendente-se-reune-con-ministros-del-primer-tribunal-ambiental\/whatsapp-image-2019-12-11-at-11-53-31-am\/'><img decoding=\"async\" width=\"200\" height=\"267\" src=\"https:\/\/portal.sma.gob.cl\/wp-content\/uploads\/2019\/12\/WhatsApp-Image-2019-12-11-at-11.53.31-AM-200x267.jpeg\" class=\"attachment-fusion-200 size-fusion-200\" alt=\"\" srcset=\"https:\/\/portal.sma.gob.cl\/wp-content\/uploads\/2019\/12\/WhatsApp-Image-2019-12-11-at-11.53.31-AM-200x267.jpeg 200w, https:\/\/portal.sma.gob.cl\/wp-content\/uploads\/2019\/12\/WhatsApp-Image-2019-12-11-at-11.53.31-AM-225x300.jpeg 225w, https:\/\/portal.sma.gob.cl\/wp-content\/uploads\/2019\/12\/WhatsApp-Image-2019-12-11-at-11.53.31-AM-400x533.jpeg 400w, https:\/\/portal.sma.gob.cl\/wp-content\/uploads\/2019\/12\/WhatsApp-Image-2019-12-11-at-11.53.31-AM-600x800.jpeg 600w, https:\/\/portal.sma.gob.cl\/wp-content\/uploads\/2019\/12\/WhatsApp-Image-2019-12-11-at-11.53.31-AM-768x1024.jpeg 768w, https:\/\/portal.sma.gob.cl\/wp-content\/uploads\/2019\/12\/WhatsApp-Image-2019-12-11-at-11.53.31-AM-800x1067.jpeg 800w, https:\/\/portal.sma.gob.cl\/wp-content\/uploads\/2019\/12\/WhatsApp-Image-2019-12-11-at-11.53.31-AM.jpeg 960w\" sizes=\"(max-width: 200px) 100vw, 200px\" \/><\/a>\n\t\t\t<\/dt><\/dl><dl class='gallery-item'>\n\t\t\t<dt class='gallery-icon landscape'>\n\t\t\t\t<a data-rel=\"iLightbox[postimages]\" data-title=\"WhatsApp Image 2019-12-11 at 11.53.32 AM\" data-caption=\"\" href='https:\/\/portal.sma.gob.cl\/index.php\/superintendente-se-reune-con-ministros-del-primer-tribunal-ambiental\/whatsapp-image-2019-12-11-at-11-53-32-am\/'><img decoding=\"async\" width=\"200\" height=\"150\" src=\"https:\/\/portal.sma.gob.cl\/wp-content\/uploads\/2019\/12\/WhatsApp-Image-2019-12-11-at-11.53.32-AM-200x150.jpeg\" class=\"attachment-fusion-200 size-fusion-200\" alt=\"\" srcset=\"https:\/\/portal.sma.gob.cl\/wp-content\/uploads\/2019\/12\/WhatsApp-Image-2019-12-11-at-11.53.32-AM-200x150.jpeg 200w, https:\/\/portal.sma.gob.cl\/wp-content\/uploads\/2019\/12\/WhatsApp-Image-2019-12-11-at-11.53.32-AM-300x225.jpeg 300w, https:\/\/portal.sma.gob.cl\/wp-content\/uploads\/2019\/12\/WhatsApp-Image-2019-12-11-at-11.53.32-AM-400x300.jpeg 400w, https:\/\/portal.sma.gob.cl\/wp-content\/uploads\/2019\/12\/WhatsApp-Image-2019-12-11-at-11.53.32-AM-600x450.jpeg 600w, https:\/\/portal.sma.gob.cl\/wp-content\/uploads\/2019\/12\/WhatsApp-Image-2019-12-11-at-11.53.32-AM-768x576.jpeg 768w, https:\/\/portal.sma.gob.cl\/wp-content\/uploads\/2019\/12\/WhatsApp-Image-2019-12-11-at-11.53.32-AM-800x600.jpeg 800w, https:\/\/portal.sma.gob.cl\/wp-content\/uploads\/2019\/12\/WhatsApp-Image-2019-12-11-at-11.53.32-AM-1024x768.jpeg 1024w, https:\/\/portal.sma.gob.cl\/wp-content\/uploads\/2019\/12\/WhatsApp-Image-2019-12-11-at-11.53.32-AM-1200x900.jpeg 1200w, https:\/\/portal.sma.gob.cl\/wp-content\/uploads\/2019\/12\/WhatsApp-Image-2019-12-11-at-11.53.32-AM.jpeg 1280w\" sizes=\"(max-width: 200px) 100vw, 200px\" \/><\/a>\n\t\t\t<\/dt><\/dl><br style=\"clear: both\" \/><dl class='gallery-item'>\n\t\t\t<dt class='gallery-icon portrait'>\n\t\t\t\t<a data-rel=\"iLightbox[postimages]\" data-title=\"WhatsApp Image 2019-12-11 at 11.53.37 AM\" data-caption=\"\" href='https:\/\/portal.sma.gob.cl\/index.php\/superintendente-se-reune-con-ministros-del-primer-tribunal-ambiental\/whatsapp-image-2019-12-11-at-11-53-37-am\/'><img decoding=\"async\" width=\"200\" height=\"267\" src=\"https:\/\/portal.sma.gob.cl\/wp-content\/uploads\/2019\/12\/WhatsApp-Image-2019-12-11-at-11.53.37-AM-200x267.jpeg\" class=\"attachment-fusion-200 size-fusion-200\" alt=\"\" srcset=\"https:\/\/portal.sma.gob.cl\/wp-content\/uploads\/2019\/12\/WhatsApp-Image-2019-12-11-at-11.53.37-AM-200x267.jpeg 200w, https:\/\/portal.sma.gob.cl\/wp-content\/uploads\/2019\/12\/WhatsApp-Image-2019-12-11-at-11.53.37-AM-225x300.jpeg 225w, https:\/\/portal.sma.gob.cl\/wp-content\/uploads\/2019\/12\/WhatsApp-Image-2019-12-11-at-11.53.37-AM-400x533.jpeg 400w, https:\/\/portal.sma.gob.cl\/wp-content\/uploads\/2019\/12\/WhatsApp-Image-2019-12-11-at-11.53.37-AM-600x800.jpeg 600w, https:\/\/portal.sma.gob.cl\/wp-content\/uploads\/2019\/12\/WhatsApp-Image-2019-12-11-at-11.53.37-AM-768x1024.jpeg 768w, https:\/\/portal.sma.gob.cl\/wp-content\/uploads\/2019\/12\/WhatsApp-Image-2019-12-11-at-11.53.37-AM-800x1067.jpeg 800w, https:\/\/portal.sma.gob.cl\/wp-content\/uploads\/2019\/12\/WhatsApp-Image-2019-12-11-at-11.53.37-AM.jpeg 960w\" sizes=\"(max-width: 200px) 100vw, 200px\" \/><\/a>\n\t\t\t<\/dt><\/dl><dl class='gallery-item'>\n\t\t\t<dt class='gallery-icon landscape'>\n\t\t\t\t<a data-rel=\"iLightbox[postimages]\" data-title=\"WhatsApp Image 2019-12-11 at 11.53.40 AM\" data-caption=\"\" href='https:\/\/portal.sma.gob.cl\/index.php\/superintendente-se-reune-con-ministros-del-primer-tribunal-ambiental\/whatsapp-image-2019-12-11-at-11-53-40-am\/'><img decoding=\"async\" width=\"200\" height=\"150\" src=\"https:\/\/portal.sma.gob.cl\/wp-content\/uploads\/2019\/12\/WhatsApp-Image-2019-12-11-at-11.53.40-AM-200x150.jpeg\" class=\"attachment-fusion-200 size-fusion-200\" alt=\"\" srcset=\"https:\/\/portal.sma.gob.cl\/wp-content\/uploads\/2019\/12\/WhatsApp-Image-2019-12-11-at-11.53.40-AM-200x150.jpeg 200w, https:\/\/portal.sma.gob.cl\/wp-content\/uploads\/2019\/12\/WhatsApp-Image-2019-12-11-at-11.53.40-AM-300x225.jpeg 300w, https:\/\/portal.sma.gob.cl\/wp-content\/uploads\/2019\/12\/WhatsApp-Image-2019-12-11-at-11.53.40-AM-400x300.jpeg 400w, https:\/\/portal.sma.gob.cl\/wp-content\/uploads\/2019\/12\/WhatsApp-Image-2019-12-11-at-11.53.40-AM-600x450.jpeg 600w, https:\/\/portal.sma.gob.cl\/wp-content\/uploads\/2019\/12\/WhatsApp-Image-2019-12-11-at-11.53.40-AM-768x576.jpeg 768w, https:\/\/portal.sma.gob.cl\/wp-content\/uploads\/2019\/12\/WhatsApp-Image-2019-12-11-at-11.53.40-AM-800x600.jpeg 800w, https:\/\/portal.sma.gob.cl\/wp-content\/uploads\/2019\/12\/WhatsApp-Image-2019-12-11-at-11.53.40-AM-1024x768.jpeg 1024w, https:\/\/portal.sma.gob.cl\/wp-content\/uploads\/2019\/12\/WhatsApp-Image-2019-12-11-at-11.53.40-AM-1200x900.jpeg 1200w, https:\/\/portal.sma.gob.cl\/wp-content\/uploads\/2019\/12\/WhatsApp-Image-2019-12-11-at-11.53.40-AM.jpeg 1280w\" sizes=\"(max-width: 200px) 100vw, 200px\" \/><\/a>\n\t\t\t<\/dt><\/dl><br style=\"clear: both\" \/><dl class='gallery-item'>\n\t\t\t<dt class='gallery-icon landscape'>\n\t\t\t\t<a data-rel=\"iLightbox[postimages]\" data-title=\"WhatsApp Image 2019-12-11 at 11.53.44 AM\" data-caption=\"\" href='https:\/\/portal.sma.gob.cl\/index.php\/superintendente-se-reune-con-ministros-del-primer-tribunal-ambiental\/whatsapp-image-2019-12-11-at-11-53-44-am\/'><img decoding=\"async\" width=\"200\" height=\"150\" src=\"https:\/\/portal.sma.gob.cl\/wp-content\/uploads\/2019\/12\/WhatsApp-Image-2019-12-11-at-11.53.44-AM-200x150.jpeg\" class=\"attachment-fusion-200 size-fusion-200\" alt=\"\" srcset=\"https:\/\/portal.sma.gob.cl\/wp-content\/uploads\/2019\/12\/WhatsApp-Image-2019-12-11-at-11.53.44-AM-200x150.jpeg 200w, https:\/\/portal.sma.gob.cl\/wp-content\/uploads\/2019\/12\/WhatsApp-Image-2019-12-11-at-11.53.44-AM-300x225.jpeg 300w, https:\/\/portal.sma.gob.cl\/wp-content\/uploads\/2019\/12\/WhatsApp-Image-2019-12-11-at-11.53.44-AM-400x300.jpeg 400w, https:\/\/portal.sma.gob.cl\/wp-content\/uploads\/2019\/12\/WhatsApp-Image-2019-12-11-at-11.53.44-AM-600x450.jpeg 600w, https:\/\/portal.sma.gob.cl\/wp-content\/uploads\/2019\/12\/WhatsApp-Image-2019-12-11-at-11.53.44-AM-768x576.jpeg 768w, https:\/\/portal.sma.gob.cl\/wp-content\/uploads\/2019\/12\/WhatsApp-Image-2019-12-11-at-11.53.44-AM-800x600.jpeg 800w, https:\/\/portal.sma.gob.cl\/wp-content\/uploads\/2019\/12\/WhatsApp-Image-2019-12-11-at-11.53.44-AM-1024x768.jpeg 1024w, https:\/\/portal.sma.gob.cl\/wp-content\/uploads\/2019\/12\/WhatsApp-Image-2019-12-11-at-11.53.44-AM-1200x900.jpeg 1200w, https:\/\/portal.sma.gob.cl\/wp-content\/uploads\/2019\/12\/WhatsApp-Image-2019-12-11-at-11.53.44-AM.jpeg 1280w\" sizes=\"(max-width: 200px) 100vw, 200px\" \/><\/a>\n\t\t\t<\/dt><\/dl>\n\t\t\t<br style='clear: both' \/>\n\t\t<\/div>\n\n","protected":false},"excerpt":{"rendered":"<p>Con el objetivo de revisar temas vinculados al quehacer y a los desaf\u00edos establecidos por cada instituci\u00f3n. Antofagasta, 11 de diciembre de 2019. En el contexto de su primer viaje oficial a la regi\u00f3n de Antofagasta, el Superintendente del Medio Ambiente, Crist\u00f3bal de La Maza visit\u00f3 esta ma\u00f1ana las dependencias del Ilustre Primer Tribunal Ambiental con <a href=\"https:\/\/portal.sma.gob.cl\/index.php\/superintendente-se-reune-con-ministros-del-primer-tribunal-ambiental\/\">Leer m\u00e1s<\/a><\/p>\n","protected":false},"author":9,"featured_media":19455,"comment_status":"open","ping_status":"open","sticky":false,"template":"","format":"standard","meta":{"footnotes":""},"categories":[90,107],"tags":[],"class_list":["post-19454","post","type-post","status-publish","format-standard","has-post-thumbnail","hentry","category-comunicados-noticias","category-destacado"],"_links":{"self":[{"href":"https:\/\/portal.sma.gob.cl\/index.php\/wp-json\/wp\/v2\/posts\/19454","targetHints":{"allow":["GET"]}}],"collection":[{"href":"https:\/\/portal.sma.gob.cl\/index.php\/wp-json\/wp\/v2\/posts"}],"about":[{"href":"https:\/\/portal.sma.gob.cl\/index.php\/wp-json\/wp\/v2\/types\/post"}],"author":[{"embeddable":true,"href":"https:\/\/portal.sma.gob.cl\/index.php\/wp-json\/wp\/v2\/users\/9"}],"replies":[{"embeddable":true,"href":"https:\/\/portal.sma.gob.cl\/index.php\/wp-json\/wp\/v2\/comments?post=19454"}],"version-history":[{"count":1,"href":"https:\/\/portal.sma.gob.cl\/index.php\/wp-json\/wp\/v2\/posts\/19454\/revisions"}],"predecessor-version":[{"id":19461,"href":"https:\/\/portal.sma.gob.cl\/index.php\/wp-json\/wp\/v2\/posts\/19454\/revisions\/19461"}],"wp:featuredmedia":[{"embeddable":true,"href":"https:\/\/portal.sma.gob.cl\/index.php\/wp-json\/wp\/v2\/media\/19455"}],"wp:attachment":[{"href":"https:\/\/portal.sma.gob.cl\/index.php\/wp-json\/wp\/v2\/media?parent=19454"}],"wp:term":[{"taxonomy":"category","embeddable":true,"href":"https:\/\/portal.sma.gob.cl\/index.php\/wp-json\/wp\/v2\/categories?post=19454"},{"taxonomy":"post_tag","embeddable":true,"href":"https:\/\/portal.sma.gob.cl\/index.php\/wp-json\/wp\/v2\/tags?post=19454"}],"curies":[{"name":"wp","href":"https:\/\/api.w.org\/{rel}","templated":true}]}}