{"id":19462,"date":"2019-12-11T16:19:33","date_gmt":"2019-12-11T19:19:33","guid":{"rendered":"https:\/\/portal.sma.gob.cl\/?p=19462"},"modified":"2019-12-11T16:19:43","modified_gmt":"2019-12-11T19:19:43","slug":"antofagasta-superintendente-se-reune-con-ong-no-mas-ruido","status":"publish","type":"post","link":"https:\/\/portal.sma.gob.cl\/index.php\/antofagasta-superintendente-se-reune-con-ong-no-mas-ruido\/","title":{"rendered":"ANTOFAGASTA: Superintendente se re\u00fane con ONG \u201cNo m\u00e1s Ruido\u201d"},"content":{"rendered":"<p><strong>La cita contin\u00faa con el trabajo realizado por la Oficina Regional de Antofagasta y la Seremi de Medio Ambiente de la zona.<\/strong><\/p>\n<p><strong>Antofagasta, 11 de diciembre de 2019.<\/strong>\u00a0Los ruidos molestos de fuentes fijas, que superan la normativa regulada en el D.S. 38 de 2011, son la principal causa de denuncias ante la Superintendencia del Medio Ambiente (SMA) a\u00f1o a a\u00f1o. En el caso de Antofagasta, estas denuncias han tomado un fuerte protagonismo respecto de bares y locales nocturnos ubicados en distintas zonas de la ciudad, pero con especial fuerza en el sector \u201cParque Croacia\u201d, donde se ubican varias instalaciones de este tipo cerca de viviendas.<\/p>\n<p>Durante la primera visita del Superintendente del Medio Ambiente, Crist\u00f3bal de la Maza a la ciudad, una de sus primeras actividades fue reunirse con la ONG \u201cNO M\u00e1s Ruidos\u201d, que ha liderado un movimiento sobre denuncias respecto a esta tem\u00e1tica ciudadana.<\/p>\n<p>Esta cita se suma a otras reuniones sostenidas por la Oficina Regional de la SMA, liderada por Sandra Cortez, con la coordinaci\u00f3n del Seremi de Medio Ambiente, Rafael Castro. Entre las medidas a implementar, que se han discutido con las autoridades regionales destacan:<\/p>\n<ul>\n<li>Modificaci\u00f3n del Plan Regulador de la ciudad que est\u00e1 evaluando el Municipio, incluyendo el estudio de ruido impulsado por la Seremi de Medio Ambiente.<\/li>\n<li>En la renovaci\u00f3n de patentes de locales de alcoholes, que generan ruido, generar una ordenanza municipal en la cual se incluya solicitar un estudio de ruido que sea generado por una Entidad T\u00e9cnica de Fiscalizaci\u00f3n Ambiental (ETFA, certificada por la SMA), que avale que cumple con la normativa vigente. Adem\u00e1s, debe considerarse la cantidad de denuncias ingresadas a la SMA por molestias de ruido.<\/li>\n<li>Incluir en la ordenanza municipal un l\u00edmite de horario y d\u00edas de funcionamiento a los locales se\u00f1alados.<\/li>\n<\/ul>\n<p>El Superintendente de la Maza sostuvo al respecto: \u201cSabemos que el ruido es un contaminante invisible, y para esta Superintendencia es crucial responder a la ciudadan\u00eda, dentro de tiempos razonables. Las mediciones no son tan r\u00e1pidas de hacer, ya que se deben realizar dentro de los hogares afectados, ojal\u00e1 en los horarios de mayor ruido, por eso ahora vamos a disponer de sensores certificados que nos permitan instalarlos y ojal\u00e1, tener mediciones v\u00e1lidas que permitan iniciar inmediatamente procesos sancionatorios\u201d.<\/p>\n<p>En ese sentido, la autoridad realiz\u00f3 una explicaci\u00f3n respecto a c\u00f3mo funcionan los sensores remotos, que se pueden instalar en distintos lugares y le permite a los funcionarios de la SMA monitorear el ruido desde un computador o un celular, registrando los umbrales m\u00e1ximos que se emiten durante un d\u00eda o una noche. Con esto, se realiza una evaluaci\u00f3n respecto de si el nivel de presi\u00f3n sonora sobrepasa o no, lo establecido en la normativa (D.S. 38\/2011).<\/p>\n<h2>Multas cursadas<\/h2>\n<p>Cabe recordar que la SMA ha iniciado 16 procedimientos de sanci\u00f3n al sector \u201cequipamiento\u201d, la mayor\u00eda por ruidos molestos. De ellos, han terminado con multas Pub Kunza (Ex Arenas Pub) con 16 UTA, Pub Maldita Barra con 10 UTA, Edificio Icono 7,5 UTA. El pago de las multas impuestas por la SMA se realiza en la Tesorer\u00eda General de la Rep\u00fablica. En caso de no pago, este organismo puede realizar un procedimiento de cobro que puede conllevar el embargo y ejecuci\u00f3n de los bienes del titular sancionado.<\/p>\n\n\t\t<style type=\"text\/css\">\n\t\t\t#gallery-1 {\n\t\t\t\tmargin: auto;\n\t\t\t}\n\t\t\t#gallery-1 .gallery-item {\n\t\t\t\tfloat: left;\n\t\t\t\tmargin-top: 10px;\n\t\t\t\ttext-align: center;\n\t\t\t\twidth: 33%;\n\t\t\t}\n\t\t\t#gallery-1 img {\n\t\t\t\tborder: 2px solid #cfcfcf;\n\t\t\t}\n\t\t\t#gallery-1 .gallery-caption {\n\t\t\t\tmargin-left: 0;\n\t\t\t}\n\t\t\t\/* see gallery_shortcode() in wp-includes\/media.php *\/\n\t\t<\/style>\n\t\t<div id='gallery-1' class='gallery galleryid-19462 gallery-columns-3 gallery-size-thumbnail'><dl class='gallery-item'>\n\t\t\t<dt class='gallery-icon landscape'>\n\t\t\t\t<a data-rel=\"iLightbox[postimages]\" data-title=\"WhatsApp Image 2019-12-11 at 2.33.47 PM\" data-caption=\"\" href='https:\/\/portal.sma.gob.cl\/index.php\/antofagasta-superintendente-se-reune-con-ong-no-mas-ruido\/whatsapp-image-2019-12-11-at-2-33-47-pm\/'><img decoding=\"async\" width=\"150\" height=\"150\" src=\"https:\/\/portal.sma.gob.cl\/wp-content\/uploads\/2019\/12\/WhatsApp-Image-2019-12-11-at-2.33.47-PM-150x150.jpeg\" class=\"attachment-thumbnail size-thumbnail\" alt=\"\" srcset=\"https:\/\/portal.sma.gob.cl\/wp-content\/uploads\/2019\/12\/WhatsApp-Image-2019-12-11-at-2.33.47-PM-66x66.jpeg 66w, https:\/\/portal.sma.gob.cl\/wp-content\/uploads\/2019\/12\/WhatsApp-Image-2019-12-11-at-2.33.47-PM-150x150.jpeg 150w\" sizes=\"(max-width: 150px) 100vw, 150px\" \/><\/a>\n\t\t\t<\/dt><\/dl><dl class='gallery-item'>\n\t\t\t<dt class='gallery-icon landscape'>\n\t\t\t\t<a data-rel=\"iLightbox[postimages]\" data-title=\"WhatsApp Image 2019-12-11 at 2.33.48 PM (1)\" data-caption=\"\" href='https:\/\/portal.sma.gob.cl\/index.php\/antofagasta-superintendente-se-reune-con-ong-no-mas-ruido\/whatsapp-image-2019-12-11-at-2-33-48-pm-1\/'><img decoding=\"async\" width=\"150\" height=\"150\" src=\"https:\/\/portal.sma.gob.cl\/wp-content\/uploads\/2019\/12\/WhatsApp-Image-2019-12-11-at-2.33.48-PM-1-150x150.jpeg\" class=\"attachment-thumbnail size-thumbnail\" alt=\"\" srcset=\"https:\/\/portal.sma.gob.cl\/wp-content\/uploads\/2019\/12\/WhatsApp-Image-2019-12-11-at-2.33.48-PM-1-66x66.jpeg 66w, https:\/\/portal.sma.gob.cl\/wp-content\/uploads\/2019\/12\/WhatsApp-Image-2019-12-11-at-2.33.48-PM-1-150x150.jpeg 150w\" sizes=\"(max-width: 150px) 100vw, 150px\" \/><\/a>\n\t\t\t<\/dt><\/dl><dl class='gallery-item'>\n\t\t\t<dt class='gallery-icon landscape'>\n\t\t\t\t<a data-rel=\"iLightbox[postimages]\" data-title=\"WhatsApp Image 2019-12-11 at 2.33.48 PM\" data-caption=\"Sensor de ruido\" href='https:\/\/portal.sma.gob.cl\/index.php\/antofagasta-superintendente-se-reune-con-ong-no-mas-ruido\/whatsapp-image-2019-12-11-at-2-33-48-pm\/'><img decoding=\"async\" width=\"150\" height=\"150\" src=\"https:\/\/portal.sma.gob.cl\/wp-content\/uploads\/2019\/12\/WhatsApp-Image-2019-12-11-at-2.33.48-PM-150x150.jpeg\" class=\"attachment-thumbnail size-thumbnail\" alt=\"\" aria-describedby=\"gallery-1-19465\" srcset=\"https:\/\/portal.sma.gob.cl\/wp-content\/uploads\/2019\/12\/WhatsApp-Image-2019-12-11-at-2.33.48-PM-66x66.jpeg 66w, https:\/\/portal.sma.gob.cl\/wp-content\/uploads\/2019\/12\/WhatsApp-Image-2019-12-11-at-2.33.48-PM-150x150.jpeg 150w\" sizes=\"(max-width: 150px) 100vw, 150px\" \/><\/a>\n\t\t\t<\/dt>\n\t\t\t\t<dd class='wp-caption-text gallery-caption' id='gallery-1-19465'>\n\t\t\t\tSensor de ruido\n\t\t\t\t<\/dd><\/dl><br style=\"clear: both\" \/><dl class='gallery-item'>\n\t\t\t<dt class='gallery-icon landscape'>\n\t\t\t\t<a data-rel=\"iLightbox[postimages]\" data-title=\"WhatsApp Image 2019-12-11 at 2.33.49 PM\" data-caption=\"Son\u00f3metro\" href='https:\/\/portal.sma.gob.cl\/index.php\/antofagasta-superintendente-se-reune-con-ong-no-mas-ruido\/whatsapp-image-2019-12-11-at-2-33-49-pm\/'><img decoding=\"async\" width=\"150\" height=\"150\" src=\"https:\/\/portal.sma.gob.cl\/wp-content\/uploads\/2019\/12\/WhatsApp-Image-2019-12-11-at-2.33.49-PM-150x150.jpeg\" class=\"attachment-thumbnail size-thumbnail\" alt=\"\" aria-describedby=\"gallery-1-19466\" srcset=\"https:\/\/portal.sma.gob.cl\/wp-content\/uploads\/2019\/12\/WhatsApp-Image-2019-12-11-at-2.33.49-PM-66x66.jpeg 66w, https:\/\/portal.sma.gob.cl\/wp-content\/uploads\/2019\/12\/WhatsApp-Image-2019-12-11-at-2.33.49-PM-150x150.jpeg 150w\" sizes=\"(max-width: 150px) 100vw, 150px\" \/><\/a>\n\t\t\t<\/dt>\n\t\t\t\t<dd class='wp-caption-text gallery-caption' id='gallery-1-19466'>\n\t\t\t\tSon\u00f3metro\n\t\t\t\t<\/dd><\/dl><dl class='gallery-item'>\n\t\t\t<dt class='gallery-icon landscape'>\n\t\t\t\t<a data-rel=\"iLightbox[postimages]\" data-title=\"WhatsApp Image 2019-12-11 at 2.33.46 PM (1)\" data-caption=\"\" href='https:\/\/portal.sma.gob.cl\/index.php\/antofagasta-superintendente-se-reune-con-ong-no-mas-ruido\/whatsapp-image-2019-12-11-at-2-33-46-pm-1\/'><img decoding=\"async\" width=\"150\" height=\"150\" src=\"https:\/\/portal.sma.gob.cl\/wp-content\/uploads\/2019\/12\/WhatsApp-Image-2019-12-11-at-2.33.46-PM-1-150x150.jpeg\" class=\"attachment-thumbnail size-thumbnail\" alt=\"\" srcset=\"https:\/\/portal.sma.gob.cl\/wp-content\/uploads\/2019\/12\/WhatsApp-Image-2019-12-11-at-2.33.46-PM-1-66x66.jpeg 66w, https:\/\/portal.sma.gob.cl\/wp-content\/uploads\/2019\/12\/WhatsApp-Image-2019-12-11-at-2.33.46-PM-1-150x150.jpeg 150w\" sizes=\"(max-width: 150px) 100vw, 150px\" \/><\/a>\n\t\t\t<\/dt><\/dl>\n\t\t\t<br style='clear: both' \/>\n\t\t<\/div>\n\n","protected":false},"excerpt":{"rendered":"<p>La cita contin\u00faa con el trabajo realizado por la Oficina Regional de Antofagasta y la Seremi de Medio Ambiente de la zona. Antofagasta, 11 de diciembre de 2019.\u00a0Los ruidos molestos de fuentes fijas, que superan la normativa regulada en el D.S. 38 de 2011, son la principal causa de denuncias ante la Superintendencia del Medio Ambiente <a href=\"https:\/\/portal.sma.gob.cl\/index.php\/antofagasta-superintendente-se-reune-con-ong-no-mas-ruido\/\">Leer m\u00e1s<\/a><\/p>\n","protected":false},"author":9,"featured_media":19469,"comment_status":"open","ping_status":"open","sticky":false,"template":"","format":"standard","meta":{"footnotes":""},"categories":[90,107],"tags":[],"class_list":["post-19462","post","type-post","status-publish","format-standard","has-post-thumbnail","hentry","category-comunicados-noticias","category-destacado"],"_links":{"self":[{"href":"https:\/\/portal.sma.gob.cl\/index.php\/wp-json\/wp\/v2\/posts\/19462","targetHints":{"allow":["GET"]}}],"collection":[{"href":"https:\/\/portal.sma.gob.cl\/index.php\/wp-json\/wp\/v2\/posts"}],"about":[{"href":"https:\/\/portal.sma.gob.cl\/index.php\/wp-json\/wp\/v2\/types\/post"}],"author":[{"embeddable":true,"href":"https:\/\/portal.sma.gob.cl\/index.php\/wp-json\/wp\/v2\/users\/9"}],"replies":[{"embeddable":true,"href":"https:\/\/portal.sma.gob.cl\/index.php\/wp-json\/wp\/v2\/comments?post=19462"}],"version-history":[{"count":1,"href":"https:\/\/portal.sma.gob.cl\/index.php\/wp-json\/wp\/v2\/posts\/19462\/revisions"}],"predecessor-version":[{"id":19468,"href":"https:\/\/portal.sma.gob.cl\/index.php\/wp-json\/wp\/v2\/posts\/19462\/revisions\/19468"}],"wp:featuredmedia":[{"embeddable":true,"href":"https:\/\/portal.sma.gob.cl\/index.php\/wp-json\/wp\/v2\/media\/19469"}],"wp:attachment":[{"href":"https:\/\/portal.sma.gob.cl\/index.php\/wp-json\/wp\/v2\/media?parent=19462"}],"wp:term":[{"taxonomy":"category","embeddable":true,"href":"https:\/\/portal.sma.gob.cl\/index.php\/wp-json\/wp\/v2\/categories?post=19462"},{"taxonomy":"post_tag","embeddable":true,"href":"https:\/\/portal.sma.gob.cl\/index.php\/wp-json\/wp\/v2\/tags?post=19462"}],"curies":[{"name":"wp","href":"https:\/\/api.w.org\/{rel}","templated":true}]}}