{"id":19470,"date":"2019-12-11T16:53:12","date_gmt":"2019-12-11T19:53:12","guid":{"rendered":"https:\/\/portal.sma.gob.cl\/?p=19470"},"modified":"2019-12-12T15:16:14","modified_gmt":"2019-12-12T18:16:14","slug":"valdivia-sma-con-auxilio-de-la-fuerza-publica-fiscaliza-denuncia-por-residuos-industriales","status":"publish","type":"post","link":"https:\/\/portal.sma.gob.cl\/index.php\/valdivia-sma-con-auxilio-de-la-fuerza-publica-fiscaliza-denuncia-por-residuos-industriales\/","title":{"rendered":"VALDIVIA: SMA con auxilio de la fuerza p\u00fablica fiscaliza denuncia por residuos industriales"},"content":{"rendered":"<p><strong>Adem\u00e1s, se midieron par\u00e1metros de aguas in situ con equipo especializado en el \u00e1rea del R\u00edo San Pedro.<\/strong><\/p>\n<p><strong>Valdivia, 11 de diciembre de 2019.<\/strong> La Superintendencia del Medio Ambiente (SMA) informa que esta ma\u00f1ana, con auxilio de la fuerza p\u00fablica, concurri\u00f3 a fiscalizar una denuncia por mala disposici\u00f3n de residuos industriales en sector el Morro, de la comuna de los Lagos, Regi\u00f3n de los R\u00edos.<\/p>\n<p>Debido a que el lugar de la denuncia se trata de un recinto privado, y hubo resistencia al ingreso, los fiscalizadores de la Superintendencia tuvieron que pedir el auxilio de Carabineros para entrar al lugar, que colinda con el \u00e1rea del R\u00edo San Pedro, con el\u00a0 objeto de verificar\u00a0 los hechos denunciados, y adem\u00e1s ejecutar acciones de control sobre la calidad de las aguas \u00a0con equipo multipar\u00e1metro, el que permite obtener mediciones de par\u00e1metros cr\u00edticos en forma instant\u00e1nea.<\/p>\n<p>El Jefe de la Oficina Regional de Los R\u00edos, Eduardo Rodr\u00edguez, expres\u00f3: \u201cEsta \u00a0denuncia \u00a0ingres\u00f3 el d\u00eda 10 de diciembre, y atendida la gravedad de los hechos descritos, procedimos a realizar una fiscalizaci\u00f3n en terreno, con el fin de recopilar la mayor cantidad de antecedentes, incluido\u00a0 el control del r\u00edo. Con toda la informaci\u00f3n recopilada debemos determinar si se trata de una infracci\u00f3n sancionable por esta Superintendencia, o bien, si es necesario derivarla a otro organismo del Estado en caso de ser necesario\u201d.<\/p>\n","protected":false},"excerpt":{"rendered":"<p>Adem\u00e1s, se midieron par\u00e1metros de aguas in situ con equipo especializado en el \u00e1rea del R\u00edo San Pedro. Valdivia, 11 de diciembre de 2019. La Superintendencia del Medio Ambiente (SMA) informa que esta ma\u00f1ana, con auxilio de la fuerza p\u00fablica, concurri\u00f3 a fiscalizar una denuncia por mala disposici\u00f3n de residuos industriales en sector el Morro, de <a href=\"https:\/\/portal.sma.gob.cl\/index.php\/valdivia-sma-con-auxilio-de-la-fuerza-publica-fiscaliza-denuncia-por-residuos-industriales\/\">Leer m\u00e1s<\/a><\/p>\n","protected":false},"author":9,"featured_media":19471,"comment_status":"open","ping_status":"open","sticky":false,"template":"","format":"standard","meta":{"footnotes":""},"categories":[90,107],"tags":[],"class_list":["post-19470","post","type-post","status-publish","format-standard","has-post-thumbnail","hentry","category-comunicados-noticias","category-destacado"],"_links":{"self":[{"href":"https:\/\/portal.sma.gob.cl\/index.php\/wp-json\/wp\/v2\/posts\/19470","targetHints":{"allow":["GET"]}}],"collection":[{"href":"https:\/\/portal.sma.gob.cl\/index.php\/wp-json\/wp\/v2\/posts"}],"about":[{"href":"https:\/\/portal.sma.gob.cl\/index.php\/wp-json\/wp\/v2\/types\/post"}],"author":[{"embeddable":true,"href":"https:\/\/portal.sma.gob.cl\/index.php\/wp-json\/wp\/v2\/users\/9"}],"replies":[{"embeddable":true,"href":"https:\/\/portal.sma.gob.cl\/index.php\/wp-json\/wp\/v2\/comments?post=19470"}],"version-history":[{"count":3,"href":"https:\/\/portal.sma.gob.cl\/index.php\/wp-json\/wp\/v2\/posts\/19470\/revisions"}],"predecessor-version":[{"id":19481,"href":"https:\/\/portal.sma.gob.cl\/index.php\/wp-json\/wp\/v2\/posts\/19470\/revisions\/19481"}],"wp:featuredmedia":[{"embeddable":true,"href":"https:\/\/portal.sma.gob.cl\/index.php\/wp-json\/wp\/v2\/media\/19471"}],"wp:attachment":[{"href":"https:\/\/portal.sma.gob.cl\/index.php\/wp-json\/wp\/v2\/media?parent=19470"}],"wp:term":[{"taxonomy":"category","embeddable":true,"href":"https:\/\/portal.sma.gob.cl\/index.php\/wp-json\/wp\/v2\/categories?post=19470"},{"taxonomy":"post_tag","embeddable":true,"href":"https:\/\/portal.sma.gob.cl\/index.php\/wp-json\/wp\/v2\/tags?post=19470"}],"curies":[{"name":"wp","href":"https:\/\/api.w.org\/{rel}","templated":true}]}}