{"id":19474,"date":"2019-12-12T09:00:31","date_gmt":"2019-12-12T12:00:31","guid":{"rendered":"https:\/\/portal.sma.gob.cl\/?p=19474"},"modified":"2019-12-12T14:30:54","modified_gmt":"2019-12-12T17:30:54","slug":"sma-se-reune-con-intendente-de-antofagasta","status":"publish","type":"post","link":"https:\/\/portal.sma.gob.cl\/index.php\/sma-se-reune-con-intendente-de-antofagasta\/","title":{"rendered":"SMA se re\u00fane con Intendente de Antofagasta"},"content":{"rendered":"<p><strong>En la actividad se abordaron temas vinculados al quehacer de la Superintendencia en materia ambiental.<\/strong><\/p>\n<p><strong>Antofagasta, 12 de diciembre de 2019.<\/strong> Durante la ma\u00f1ana de ayer, y en el contexto de su primer viaje oficial a la regi\u00f3n de Antofagasta, el Superintendente del Medio Ambiente, Crist\u00f3bal de La Maza, se reuni\u00f3 con el Intendente Edgard Blanco, para analizar distintas materias de inter\u00e9s ambiental en la zona, que se caracteriza por una amplia presencia de empresas mineras y energ\u00e9ticas que cuentan con permisos ambientales.<\/p>\n<p>\u201cEn la reuni\u00f3n con el Intendente Blanco explicamos el rol de la SMA y a la vez, le explicamos que el sello de esta administraci\u00f3n ser\u00e1 crear una estrategia de cercan\u00eda de la comunidad con la Superintendencia, no s\u00f3lo a nivel de atender las denuncias, sino tambi\u00e9n de explicar y educar sobre el rol de nuestro organismo\u201d, explic\u00f3 de la Maza.<\/p>\n<p>Por su parte, el Intendente Blanco valor\u00f3 la visita del superintendente y destac\u00f3 la importancia de trabajar en conjunto para dar r\u00e1pida respuesta a las demandas sociales. &#8220;Hoy los temas medio ambientales son una de nuestras prioridades, est\u00e1n en nuestra agenda, por ello, queremos avanzar hacia una coexistencia entre ciudad y empresa, bajo el Marco de la responsabilidad&#8221;, indic\u00f3 la autoridad.<\/p>\n<p>En su visita a la regi\u00f3n de Antofagasta, el Superintendente de la Maza tambi\u00e9n tuvo una reuni\u00f3n con la ONG No M\u00e1s Ruido, y visit\u00f3 instalaciones como la planta desaladora de Minera Escondida y el puerto Antofagasta Terminal Internacional.<\/p>\n<p>&nbsp;<\/p>\n<p>&nbsp;<\/p>\n","protected":false},"excerpt":{"rendered":"<p>En la actividad se abordaron temas vinculados al quehacer de la Superintendencia en materia ambiental. Antofagasta, 12 de diciembre de 2019. Durante la ma\u00f1ana de ayer, y en el contexto de su primer viaje oficial a la regi\u00f3n de Antofagasta, el Superintendente del Medio Ambiente, Crist\u00f3bal de La Maza, se reuni\u00f3 con el Intendente Edgard Blanco, <a href=\"https:\/\/portal.sma.gob.cl\/index.php\/sma-se-reune-con-intendente-de-antofagasta\/\">Leer m\u00e1s<\/a><\/p>\n","protected":false},"author":9,"featured_media":19475,"comment_status":"open","ping_status":"open","sticky":false,"template":"","format":"standard","meta":{"footnotes":""},"categories":[90,107],"tags":[],"class_list":["post-19474","post","type-post","status-publish","format-standard","has-post-thumbnail","hentry","category-comunicados-noticias","category-destacado"],"_links":{"self":[{"href":"https:\/\/portal.sma.gob.cl\/index.php\/wp-json\/wp\/v2\/posts\/19474","targetHints":{"allow":["GET"]}}],"collection":[{"href":"https:\/\/portal.sma.gob.cl\/index.php\/wp-json\/wp\/v2\/posts"}],"about":[{"href":"https:\/\/portal.sma.gob.cl\/index.php\/wp-json\/wp\/v2\/types\/post"}],"author":[{"embeddable":true,"href":"https:\/\/portal.sma.gob.cl\/index.php\/wp-json\/wp\/v2\/users\/9"}],"replies":[{"embeddable":true,"href":"https:\/\/portal.sma.gob.cl\/index.php\/wp-json\/wp\/v2\/comments?post=19474"}],"version-history":[{"count":3,"href":"https:\/\/portal.sma.gob.cl\/index.php\/wp-json\/wp\/v2\/posts\/19474\/revisions"}],"predecessor-version":[{"id":19480,"href":"https:\/\/portal.sma.gob.cl\/index.php\/wp-json\/wp\/v2\/posts\/19474\/revisions\/19480"}],"wp:featuredmedia":[{"embeddable":true,"href":"https:\/\/portal.sma.gob.cl\/index.php\/wp-json\/wp\/v2\/media\/19475"}],"wp:attachment":[{"href":"https:\/\/portal.sma.gob.cl\/index.php\/wp-json\/wp\/v2\/media?parent=19474"}],"wp:term":[{"taxonomy":"category","embeddable":true,"href":"https:\/\/portal.sma.gob.cl\/index.php\/wp-json\/wp\/v2\/categories?post=19474"},{"taxonomy":"post_tag","embeddable":true,"href":"https:\/\/portal.sma.gob.cl\/index.php\/wp-json\/wp\/v2\/tags?post=19474"}],"curies":[{"name":"wp","href":"https:\/\/api.w.org\/{rel}","templated":true}]}}