{"id":19494,"date":"2019-12-16T17:26:59","date_gmt":"2019-12-16T20:26:59","guid":{"rendered":"https:\/\/portal.sma.gob.cl\/?p=19494"},"modified":"2019-12-16T17:35:45","modified_gmt":"2019-12-16T20:35:45","slug":"tarapaca-sma-fiscaliza-faena-minera-teck-quebrada-blanca","status":"publish","type":"post","link":"https:\/\/portal.sma.gob.cl\/index.php\/tarapaca-sma-fiscaliza-faena-minera-teck-quebrada-blanca\/","title":{"rendered":"Tarapac\u00e1: SMA fiscaliza Faena Minera Teck Quebrada Blanca"},"content":{"rendered":"<p><strong>En el contexto de un incidente reportado en la construcci\u00f3n de la Fase II del proyecto.<\/strong><\/p>\n<p><strong>Iquique, 16 de diciembre de 2019.-<\/strong> Durante el d\u00eda 10 de diciembre de 2019, la Oficina Regional de Tarapac\u00e1 de la Superintendencia del Medio Ambiente (SMA), realiz\u00f3 una fiscalizaci\u00f3n a las instalaciones de la Faena Minera Quebrada Blanca de la empresa Teck, a ra\u00edz del incidente reportado el d\u00eda 09 de diciembre del presente per\u00edodo, el cual correspondi\u00f3 a un rebalse del Sistema de Tratamiento de Aguas Servidas, perteneciente a la construcci\u00f3n de la Fase II del proyecto.<\/p>\n<p>La actividad de fiscalizaci\u00f3n se centr\u00f3 en verificar el manejo de efluente de la Plantas de Tratamiento de Aguas Servidas (PTAS), impacto ambiental a la flora y fauna del lugar, afectaci\u00f3n de recursos h\u00eddricos y el plan de contingencia con que cuenta la operaci\u00f3n minera. Adem\u00e1s, durante la inspecci\u00f3n se realiz\u00f3 un recorrido por la piscina de efluentes, punto de descarga efluente y la trayectoria seguida por el derrame.<\/p>\n<p>\u201cUna vez finalizada la actividad de fiscalizaci\u00f3n se le solicit\u00f3 a la empresa reportar diariamente a esta Superintendencia al comienzo de cada jornada laboral por v\u00eda correo electr\u00f3nico, informando sobre el estado de avance de las medidas de limpieza planificadas por Teck, como tambi\u00e9n los par\u00e1metros in situ monitoreados en el cauce Quebrada Agua del Mote. Reporte que hemos recepcionado satisfactoriamente\u201d, se\u00f1al\u00f3 Tamara Gonz\u00e1lez, Jefa de la Oficina Regional SMA de Tarapac\u00e1.<\/p>\n<p>Detalles del recorrido:<\/p>\n<ol>\n<li>Piscina de efluentes: la cual se encontraba en funcionamiento con agua en su interior, sin sobrepasar la l\u00ednea de rebose y con la descarga desde la PTAS operativa.<\/li>\n<li>Punto de descarga efluente: se observ\u00f3 canalizaci\u00f3n por donde el caudal del efluente sigui\u00f3 su curso en direcci\u00f3n hasta la Quebrada Agua del Mote.<\/li>\n<li>Trayectoria seguida por el derrame: se recorri\u00f3 la l\u00ednea de descarga, hasta al menos 200 metros m\u00e1s aguas abajo del punto indicado como de m\u00e1ximo alcance.<\/li>\n<\/ol>\n<p>&nbsp;<\/p>\n","protected":false},"excerpt":{"rendered":"<p>En el contexto de un incidente reportado en la construcci\u00f3n de la Fase II del proyecto. Iquique, 16 de diciembre de 2019.- Durante el d\u00eda 10 de diciembre de 2019, la Oficina Regional de Tarapac\u00e1 de la Superintendencia del Medio Ambiente (SMA), realiz\u00f3 una fiscalizaci\u00f3n a las instalaciones de la Faena Minera Quebrada Blanca de la <a href=\"https:\/\/portal.sma.gob.cl\/index.php\/tarapaca-sma-fiscaliza-faena-minera-teck-quebrada-blanca\/\">Leer m\u00e1s<\/a><\/p>\n","protected":false},"author":8,"featured_media":19496,"comment_status":"open","ping_status":"open","sticky":false,"template":"","format":"standard","meta":{"footnotes":""},"categories":[107,94],"tags":[],"class_list":["post-19494","post","type-post","status-publish","format-standard","has-post-thumbnail","hentry","category-destacado","category-notas-noticias"],"_links":{"self":[{"href":"https:\/\/portal.sma.gob.cl\/index.php\/wp-json\/wp\/v2\/posts\/19494","targetHints":{"allow":["GET"]}}],"collection":[{"href":"https:\/\/portal.sma.gob.cl\/index.php\/wp-json\/wp\/v2\/posts"}],"about":[{"href":"https:\/\/portal.sma.gob.cl\/index.php\/wp-json\/wp\/v2\/types\/post"}],"author":[{"embeddable":true,"href":"https:\/\/portal.sma.gob.cl\/index.php\/wp-json\/wp\/v2\/users\/8"}],"replies":[{"embeddable":true,"href":"https:\/\/portal.sma.gob.cl\/index.php\/wp-json\/wp\/v2\/comments?post=19494"}],"version-history":[{"count":4,"href":"https:\/\/portal.sma.gob.cl\/index.php\/wp-json\/wp\/v2\/posts\/19494\/revisions"}],"predecessor-version":[{"id":19503,"href":"https:\/\/portal.sma.gob.cl\/index.php\/wp-json\/wp\/v2\/posts\/19494\/revisions\/19503"}],"wp:featuredmedia":[{"embeddable":true,"href":"https:\/\/portal.sma.gob.cl\/index.php\/wp-json\/wp\/v2\/media\/19496"}],"wp:attachment":[{"href":"https:\/\/portal.sma.gob.cl\/index.php\/wp-json\/wp\/v2\/media?parent=19494"}],"wp:term":[{"taxonomy":"category","embeddable":true,"href":"https:\/\/portal.sma.gob.cl\/index.php\/wp-json\/wp\/v2\/categories?post=19494"},{"taxonomy":"post_tag","embeddable":true,"href":"https:\/\/portal.sma.gob.cl\/index.php\/wp-json\/wp\/v2\/tags?post=19494"}],"curies":[{"name":"wp","href":"https:\/\/api.w.org\/{rel}","templated":true}]}}